{"id":175847,"date":"2021-03-19T10:17:12","date_gmt":"2021-03-19T09:17:12","guid":{"rendered":"https:\/\/bico.ch\/schlafblog\/manque-de-sommeil-et-manque-de-concentration-comment-les-deux-sont-lies-et-ce-que-lon-peut-faire-pour-y-remedier\/"},"modified":"2024-11-22T14:21:32","modified_gmt":"2024-11-22T13:21:32","slug":"manque-de-sommeil-et-baisse-de-concentration-lien-entre-les-deux-et-solutions","status":"publish","type":"blog","link":"https:\/\/bico.ch\/fr\/blog-du-sommeil\/manque-de-sommeil-et-baisse-de-concentration-lien-entre-les-deux-et-solutions\/","title":{"rendered":"Manque de sommeil et baisse de concentration &#8211; lien entre les deux et solutions"},"content":{"rendered":"\n<div id=\"lead-text-block_164373a89b743ace0d5363af369036d0\" class=\"lead-text \n mt-medium mb-medium\">\n      <div class=\"container\">\n      <div class=\"row\">\n        <div class=\"offset-xl-2 col-xl-8\">\n\n          \n          \n          \n                      <div class=\"wysiwyg text text-center \">\n              <p>Cela nous est arriv\u00e9 \u00e0 tous: lorsque nous n\u2019avons pas assez dormi, nous avons souvent du mal \u00e0 nous rappeler des d\u00e9tails quotidiens, nous oublions plus vite et faisons davantage de fautes d\u2019inattention. Mais cette baisse de concentration due au manque de sommeil peut aussi avoir des cons\u00e9quences plus graves. Le manque de sommeil a entre autres \u00e9t\u00e9 associ\u00e9 \u00e0 la d\u00e9mence. Autre probl\u00e8me \u00e0 ne pas sous-estimer: notre temps de r\u00e9action est consid\u00e9rablement plus long. Mais pourquoi le manque de sommeil entra\u00eene-t-il des difficult\u00e9s de concentration? Nous vous exposons les principaux faits et vous donnons des conseils simples pour r\u00e9duire vos probl\u00e8mes de concentration dus au manque de sommeil et dormir mieux.<\/p>\n            <\/div>\n          \n        <\/div>\n      <\/div>\n    <\/div>\n  <\/div>\n\n\n<div id=\"anker-leiste-block_a5dee516f9f58918c674f6403441b626\" class=\"anker-leiste \n mt-medium variante-2\">\n\n      <div class=\"container\">\n      <div class=\"row justify-content-center\">\n\n                  <div class=\"col-xxl-10\">\n            <div class=\"row gx-xl-5\">\n                              <div class=\"col-md-6 col-xl-4 anchor-item-wrapper d-flex\">\n                  <a class=\"anchor-item text-500\" href=\"#titel-text-block_c379e4634a0182724baa372b3da5d568\">\n                    <span>Pourquoi le manque de sommeil entra\u00eene des difficult\u00e9s de concentration<\/span>\n                    <i class=\"fak fa-icon-anchorlink\"><\/i>\n                  <\/a>\n                <\/div>\n                              <div class=\"col-md-6 col-xl-4 anchor-item-wrapper d-flex\">\n                  <a class=\"anchor-item text-500\" href=\"#titel-text-block_7d8654783e777dc39d44fe1ea51891f1\">\n                    <span>Manque de concentration : le r\u00f4le de notre cerveau<\/span>\n                    <i class=\"fak fa-icon-anchorlink\"><\/i>\n                  <\/a>\n                <\/div>\n                              <div class=\"col-md-6 col-xl-4 anchor-item-wrapper d-flex\">\n                  <a class=\"anchor-item text-500\" href=\"#consequences\">\n                    <span>Les cons\u00e9quences des difficult\u00e9s de concentration et du manque de sommeil<\/span>\n                    <i class=\"fak fa-icon-anchorlink\"><\/i>\n                  <\/a>\n                <\/div>\n                              <div class=\"col-md-6 col-xl-4 anchor-item-wrapper d-flex\">\n                  <a class=\"anchor-item text-500\" href=\"#titel-text-block_d5f0b91e9cc7ea6c4dbb6f3c9d5bd558\">\n                    <span>Conseils pour une meilleure concentration et un meilleur sommeil<\/span>\n                    <i class=\"fak fa-icon-anchorlink\"><\/i>\n                  <\/a>\n                <\/div>\n                              <div class=\"col-md-6 col-xl-4 anchor-item-wrapper d-flex\">\n                  <a class=\"anchor-item text-500\" href=\"#titel-text-block_d98fe15eb4b2f18c5bd099e08073d4d7\">\n                    <span>Repos apr\u00e8s le repas<\/span>\n                    <i class=\"fak fa-icon-anchorlink\"><\/i>\n                  <\/a>\n                <\/div>\n                              <div class=\"col-md-6 col-xl-4 anchor-item-wrapper d-flex\">\n                  <a class=\"anchor-item text-500\" href=\"#titel-text-block_c0a94b537431c2fc6ad159cdc4a4e4fe\">\n                    <span>Conclusion<\/span>\n                    <i class=\"fak fa-icon-anchorlink\"><\/i>\n                  <\/a>\n                <\/div>\n                          <\/div>\n          <\/div>\n        \n\n      <\/div>\n    <\/div>\n  \n<\/div>\n\n\n<div id=\"titel-text-block_c379e4634a0182724baa372b3da5d568\" class=\"titel-text \n mt-medium\">\n\n      <div class=\"container\">\n\n      <div class=\"row justify-content-center\">\n        <div class=\"col-md-8 col-xl-6\">\n                      <h3 class=\"h2   \">\n              Pourquoi le manque de sommeil entra\u00eene des difficult\u00e9s de concentration            <\/h3>\n                                                    <div class=\"wysiwyg text  \">\n              <p>Il est tout \u00e0 fait normal d\u2019\u00eatre d\u00e9concentr\u00e9(e) et d\u2019avoir l\u2019esprit ailleurs par moments. Mais si cela devient fr\u00e9quent et perturbe le d\u00e9roulement de nos journ\u00e9es, il faut se demander pourquoi. Il se peut en effet que ces probl\u00e8mes de concentration et cette distraction soient les cons\u00e9quences d\u2019un manque de sommeil.<\/p>\n            <\/div>\n                            <\/div>\n      <\/div>\n    <\/div>\n  <\/div>\n\n\n<div id=\"titel-text-block_7d8654783e777dc39d44fe1ea51891f1\" class=\"titel-text \n mt-medium\">\n\n      <div class=\"container\">\n\n      <div class=\"row justify-content-center\">\n        <div class=\"col-md-8 col-xl-6\">\n                      <h3 class=\"h2   \">\n              Manque de concentration : le r\u00f4le de notre cerveau            <\/h3>\n                                                    <div class=\"wysiwyg text  \">\n              <p>L\u2019\u00eatre humain a besoin de sommeil. On ignore encore pr\u00e9cis\u00e9ment pourquoi. En revanche, les chercheurs ont d\u00e9termin\u00e9 qu\u2019un adulte a besoin de sept \u00e0 neuf heures de sommeil par nuit. On sait aussi, gr\u00e2ce \u00e0 des \u00e9tudes, que l\u2019insomnie affecte les connexions synaptiques de notre cerveau. Celles qui sont importantes ne sont pas suffisamment consolid\u00e9es, les autres ne sont pas rompues pour faire de la place pour le lendemain. Comme ces connexions sont responsables de la transmission des stimuli entre les neurones, il est essentiel de dormir suffisamment. Elles se forment durant la journ\u00e9e, lorsque notre cerveau enregistre des informations, et devraient \u00eatre \u00abmises au propre\u00bb la nuit. Par ailleurs, notre cerveau \u00e9limine des d\u00e9chets m\u00e9taboliques pendant le sommeil. Ils sont \u00e9vacu\u00e9s et purg\u00e9s de notre organisme. Bref, la nuit sert \u00e0 se d\u00e9barrasser de ce qui est insignifiant et \u00e0 garder ce qui est important. Dans le cas des connexions synaptiques, en particulier, ce processus lib\u00e8re de la place qui permet \u00e0 notre cerveau d\u2019enregistrer de nouvelles informations.<\/p>\n            <\/div>\n                            <\/div>\n      <\/div>\n    <\/div>\n  <\/div>\n\n\n<div id=\"consequences\" class=\"titel-text \n mt-medium\">\n\n      <div class=\"container\">\n\n      <div class=\"row justify-content-center\">\n        <div class=\"col-md-8 col-xl-6\">\n                      <h3 class=\"h2   \">\n              Les cons\u00e9quences des difficult\u00e9s de concentration et du manque de sommeil            <\/h3>\n                                                    <div class=\"wysiwyg text  \">\n              <p>On peut consid\u00e9rer qu\u2019un traitement plus difficile et rigide des informations ainsi qu\u2019une diminution de la capacit\u00e9 \u00e0 se concentrer pendant une longue p\u00e9riode sont des cons\u00e9quences l\u00e9g\u00e8res du manque de sommeil. Cela peut \u00eatre frustrant. En effet, le manque de sommeil nous rend d\u00e9j\u00e0 souvent plus irrationnels, plus \u00e9motifs et moins aptes au raisonnement logique. La perte de neurones est une autre cons\u00e9quence possible, un peu plus grave. Des \u00e9tudes \u00e9tablissent en outre un lien entre le manque de sommeil permanent et la d\u00e9mence ou la maladie d\u2019Alzheimer. Enfin, voici la cons\u00e9quence que nous sous-estimons sans doute le plus: les personnes qui ne dorment pas suffisamment ont trois fois plus de \u00abpannes d\u2019attention\u00bb que les personnes repos\u00e9es. R\u00e9parties sur la journ\u00e9e, celles-ci se traduisent par le double d\u2019erreurs et peuvent, dans le pire des cas, allonger le temps de r\u00e9action dans la circulation routi\u00e8re. C\u2019est pourquoi <a href=\"https:\/\/bico.ch\/fr\/blog-du-sommeil\/voler-detendu-et-arriver-repose-conseils-contre-le-decalage-horaire\/\">la fatigue<\/a> fait deux fois plus de morts au volant que l\u2019alcool. Le r\u00f4le d\u2019un sommeil r\u00e9parateur n\u2019est donc pas \u00e0 prendre \u00e0 la l\u00e9g\u00e8re.<\/p>\n<p><img loading=\"lazy\" decoding=\"async\" class=\"aligncenter wp-image-200877 size-full\" src=\"https:\/\/bico.ch\/wp-content\/uploads\/2023\/11\/bico-manque-de-sommeil-et-baisse-de-concentration-consequences.jpg\" alt=\"BICO - Manque de sommeil et baisse de concentration \u2013 cons\u00e9quences\" width=\"2000\" height=\"1060\" srcset=\"https:\/\/bico.ch\/wp-content\/uploads\/2023\/11\/bico-manque-de-sommeil-et-baisse-de-concentration-consequences.webp 2000w, https:\/\/bico.ch\/wp-content\/uploads\/2023\/11\/bico-manque-de-sommeil-et-baisse-de-concentration-consequences-300x159.webp 300w, https:\/\/bico.ch\/wp-content\/uploads\/2023\/11\/bico-manque-de-sommeil-et-baisse-de-concentration-consequences-1024x543.webp 1024w, https:\/\/bico.ch\/wp-content\/uploads\/2023\/11\/bico-manque-de-sommeil-et-baisse-de-concentration-consequences-768x407.webp 768w, https:\/\/bico.ch\/wp-content\/uploads\/2023\/11\/bico-manque-de-sommeil-et-baisse-de-concentration-consequences-1536x814.webp 1536w, https:\/\/bico.ch\/wp-content\/uploads\/2023\/11\/bico-manque-de-sommeil-et-baisse-de-concentration-consequences-600x318.webp 600w\" sizes=\"auto, (max-width: 2000px) 100vw, 2000px\" \/><\/p>\n<p>Si nous ne dormons que quelques heures d\u2019affil\u00e9e plusieurs nuits de suite, cela \u00e9quivaut \u00e0 une alcool\u00e9mie de 0,6 pour mille.<\/p>\n            <\/div>\n                            <\/div>\n      <\/div>\n    <\/div>\n  <\/div>\n\n\n<div id=\"titel-text-block_d5f0b91e9cc7ea6c4dbb6f3c9d5bd558\" class=\"titel-text \n mt-medium\">\n\n      <div class=\"container\">\n\n      <div class=\"row justify-content-center\">\n        <div class=\"col-md-8 col-xl-6\">\n                      <h3 class=\"h2   \">\n              Conseils pour une meilleure concentration et un meilleur sommeil            <\/h3>\n                                <h4 class=\"h3  \">\n              Le grand air fait du bien            <\/h4>\n                                          <div class=\"wysiwyg text  \">\n              <p>Veillez \u00e0 a\u00e9rer r\u00e9guli\u00e8rement votre bureau durant votre journ\u00e9e de travail. C\u2019est d\u2019autant plus important que nous n\u2019avons souvent pas conscience des effets n\u00e9gatifs de l\u2019air vici\u00e9. Non seulement le manque d\u2019oxyg\u00e8ne nous emp\u00eache de bien r\u00e9fl\u00e9chir, mais nous nous sentons automatiquement mal. Si vous en avez la possibilit\u00e9, ouvrez de temps en temps toutes les fen\u00eatres ou les portes int\u00e9rieures pour a\u00e9rer ponctuellement ou cr\u00e9er un courant d\u2019air. De m\u00eame, a\u00e9rer bri\u00e8vement la chambre avant le coucher permet de faire le plein d\u2019oxyg\u00e8ne pour la nuit. Et le matin, l\u2019air frais chasse l\u2019humidit\u00e9 r\u00e9siduelle que nous produisons en transpirant la nuit. Notre conseil d\u2019a\u00e9ration matin et soir: cinq \u00e0 dix minutes en hiver, un peu plus longtemps en \u00e9t\u00e9.<\/p>\n            <\/div>\n                            <\/div>\n      <\/div>\n    <\/div>\n  <\/div>\n\n\n<div id=\"titel-text-block_616cab225f2830b4ac9b6f500afad35c\" class=\"titel-text \n mt-small\">\n\n      <div class=\"container\">\n\n      <div class=\"row justify-content-center\">\n        <div class=\"col-md-8 col-xl-6\">\n                                <h4 class=\"h3  \">\n              Utiliser les huiles essentielles de mani\u00e8re cibl\u00e9e            <\/h4>\n                                          <div class=\"wysiwyg text  \">\n              <p>Les huiles essentielles sont un autre moyen de favoriser la concentration mais aussi l\u2019endormissement. Vous pouvez les utiliser comme parfums d\u2019ambiance dans un diffuseur ou une lampe d\u2019aromath\u00e9rapie. Elles sont aussi pratiques en spray, parce que vous pouvez les vaporiser sur votre oreiller, par exemple. <\/p>\n<h4><strong>En journ\u00e9e<\/strong><\/h4>\n<p>Pendant la journ\u00e9e, le parfum rafra\u00eechissant du citron favorise la concentration. Comme il a un effet tonique et \u00e9gaye l\u2019humeur, il est particuli\u00e8rement b\u00e9n\u00e9fique pour la r\u00e9flexion. Si vous \u00eates sur le point de vous lancer dans une t\u00e2che importante, essayez l\u2019huile essentielle de romarin. Elle stimule la concentration et peut aider \u00e0 lutter contre l\u2019apathie et la sensation de faiblesse. L\u2019huile essentielle de menthe poivr\u00e9e est \u00e9galement parfaite pour un coup de fouet. Gr\u00e2ce \u00e0 son effet rafra\u00eechissant, elle aide \u00e0 contrer la somnolence, le surmenage ou l\u2019\u00e9puisement.<\/p>\n<h4><strong>Avant le coucher<\/strong><\/h4>\n<p>Vous avez peut-\u00eatre entendu dire que la lavande favorise la d\u00e9tente. Son effet apaisant vous permettra de d\u00e9connecter plus facilement et peut soulager les troubles du sommeil. Si cela ne suffit pas, associez-la \u00e0 de l\u2019huile essentielle de n\u00e9roli. Issue des fleurs de l\u2019orange am\u00e8re, elle est r\u00e9put\u00e9e faire partie des plus efficaces contre le stress et la d\u00e9pression. Non seulement elle s\u2019harmonise bien avec la lavande, mais elle peut avoir une action \u00e0 la fois relaxante, fortifiante et r\u00e9g\u00e9n\u00e9rante.<\/p>\n            <\/div>\n                            <\/div>\n      <\/div>\n    <\/div>\n  <\/div>\n\n\n<div id=\"titel-text-block_d98fe15eb4b2f18c5bd099e08073d4d7\" class=\"titel-text \n mt-medium\">\n\n      <div class=\"container\">\n\n      <div class=\"row justify-content-center\">\n        <div class=\"col-md-8 col-xl-6\">\n                      <h3 class=\"h2   \">\n              Repos apr\u00e8s le repas            <\/h3>\n                                                    <div class=\"wysiwyg text  \">\n              <p>Une petite sieste entre deux peut vous aider \u00e0 recharger vos batteries et augmenter vos performances. Elle est en particulier utile si vous n\u2019avez pas assez dormi, que vous avez l\u2019impression d\u2019\u00eatre inefficace et d\u00e9concentr\u00e9(e). Vous devriez toutefois veiller \u00e0 ne pas vous assoupir plus de 20 \u00e0 30 minutes. Dans cette phase dite de sommeil l\u00e9ger, la micro-sieste produit l\u2019effet escompt\u00e9. Au-del\u00e0, elle vous laissera somnolent(e) et fatigu\u00e9(e). En revanche, si votre sommeil nocturne est r\u00e9guli\u00e8rement perturb\u00e9 et que vous avez globalement du mal \u00e0 vous endormir, \u00e9vitez les siestes: elles diminuent la pression de sommeil le soir. Elles peuvent donc, dans le pire des cas, aggraver encore vos probl\u00e8mes d\u2019endormissement.<\/p>\n<p><strong>Nos conseils en un coup d\u2019\u0153il<\/strong><\/p>\n<p>&nbsp;<\/p>\n<p><img loading=\"lazy\" decoding=\"async\" class=\"aligncenter wp-image-200872 size-full\" src=\"https:\/\/bico.ch\/wp-content\/uploads\/2023\/11\/bico-manque-de-sommeil-et-baisse-de-concentration-conseils.jpg\" alt=\"BICO - Manque de sommeil et baisse de concentration \u2013 conseils\" width=\"2000\" height=\"1060\" srcset=\"https:\/\/bico.ch\/wp-content\/uploads\/2023\/11\/bico-manque-de-sommeil-et-baisse-de-concentration-conseils.webp 2000w, https:\/\/bico.ch\/wp-content\/uploads\/2023\/11\/bico-manque-de-sommeil-et-baisse-de-concentration-conseils-300x159.webp 300w, https:\/\/bico.ch\/wp-content\/uploads\/2023\/11\/bico-manque-de-sommeil-et-baisse-de-concentration-conseils-1024x543.webp 1024w, https:\/\/bico.ch\/wp-content\/uploads\/2023\/11\/bico-manque-de-sommeil-et-baisse-de-concentration-conseils-768x407.webp 768w, https:\/\/bico.ch\/wp-content\/uploads\/2023\/11\/bico-manque-de-sommeil-et-baisse-de-concentration-conseils-1536x814.webp 1536w, https:\/\/bico.ch\/wp-content\/uploads\/2023\/11\/bico-manque-de-sommeil-et-baisse-de-concentration-conseils-600x318.webp 600w\" sizes=\"auto, (max-width: 2000px) 100vw, 2000px\" \/><\/p>\n            <\/div>\n                            <\/div>\n      <\/div>\n    <\/div>\n  <\/div>\n\n\n<div id=\"titel-text-block_c0a94b537431c2fc6ad159cdc4a4e4fe\" class=\"titel-text \n mt-medium\">\n\n      <div class=\"container\">\n\n      <div class=\"row justify-content-center\">\n        <div class=\"col-md-8 col-xl-6\">\n                      <h3 class=\"h2   \">\n              Conclusion            <\/h3>\n                                                    <div class=\"wysiwyg text  \">\n              <p>En dehors des trucs et astuces qui peuvent vous soulager \u00e0 court terme, vous devriez en particulier veiller \u00e0 dormir plus et mieux. Cela peut para\u00eetre banal, mais \u00e7a ne va pas de soi. Essayez par cons\u00e9quent de d\u00e9couvrir votre rythme de sommeil naturel et sa dur\u00e9e. Pour cela, allez vous coucher lorsque votre corps vous \u00abdit\u00bb que c\u2019est le moment et levez-vous quand vous vous sentez en forme. Veillez \u00e9galement \u00e0 un syst\u00e8me de lit qui vous corresponde, pour que vous puissiez passer des nuits confortables et non perturb\u00e9es. Cela vous \u00e9vitera de vous tourner et de vous retourner sans arr\u00eat. <a href=\"https:\/\/bico.ch\/fr\/produit\/matelas-climafine\/\">Le matelas devrait en outre assurer un climat de sommeil<\/a> adapt\u00e9 \u00e0 vos besoins, pour vous \u00e9viter de transpirer ou d\u2019avoir froid. Si vous tenez compte de ces aspects, plus rien ne s\u2019opposera \u00e0 votre sommeil sain et r\u00e9parateur.<\/p>\n            <\/div>\n                            <\/div>\n      <\/div>\n    <\/div>\n  <\/div>\n\n\n<div id=\"produktempfehlungen-block_8f99379baaa27eceaf5b1a35187acc66\" class=\"produktempfehlungen \n mt-medium mb-medium\">\n\n      <div class=\"container\">\n\n              <div class=\"row\">\n          <div class=\"col-12\">\n            <h2 class=\"h2 large\">Recommand\u00e9 pour vous<\/h2>\n          <\/div>\n        <\/div>\n      \n      <div class=\"swiper produktempfehlungen-swiper\">\n        <div class=\"swiper-wrapper\">\n                                    <div class=\"swiper-slide\">\n                <div class=\"woocommerce \"><ul class=\"products columns-4\">\n<li class=\"product type-product post-50085 status-publish first instock product_cat-matelas-et-surmatelas product_tag-populaire has-post-thumbnail taxable shipping-taxable purchasable product-type-variable has-default-attributes\">\n\t<div class=\"tags-wrapper\">\n\t\t\n\t\t\t\t\t\t\t\t\t<span class=\"tag-item default\">\n\t\t\t\t\tPOPULAIRE\t\t\t\t<\/span>\n\t\t\t\t\t\t<\/div>\n\n\t<a href=\"https:\/\/bico.ch\/fr\/produit\/matelas-climafine\/\" class=\"woocommerce-LoopProduct-link woocommerce-loop-product__link\"><div class=\"thumbnail-wrapper\"><img decoding=\"async\" loading=\"lazy\" width=\"600\" height=\"400\" src=\"https:\/\/bico.ch\/wp-content\/uploads\/2022\/10\/01-bico-matratze-climafine-cut-2-600x400.webp\" class=\"attachment-woocommerce_thumbnail size-woocommerce_thumbnail\" alt=\"BICO Matratze Climafine h1247 Aufbau Matratzenkern bietet in den verschiedenen Koerperzonen die bestmoegliche Stuetzung und Druckentlastung fuer einen gesunden Schlaf\" \/><img decoding=\"async\" loading=\"lazy\" src=\"https:\/\/bico.ch\/wp-content\/uploads\/2024\/10\/03-bico-matratze-climafine-h1247-aspect-ratio-448-340.webp\" alt=\"BICO Matratze Climafine h1247 auf Bettgestell mit Duvet\" class=\"img-fluid attachment-woocommerce_thumbnail-overlay\" \/><\/div><h2 class=\"woocommerce-loop-product__title\">ClimaFine<\/h2>\n\n\t\t\t<div class=\"woocommerce-loop-product__lead\">\n\t\t\tLe top des matelas climatis\u00e9s, excellent climat de lit et soutien du corps.\t\t<\/div>\n\t\n\n\t\n\t<div class=\"price-wrapper\">\n\t\t<span class=\"price\">\n\t\t\t\t\t\t\t\t\t\t\t\t\u00e0 partir de CHF 2&rsquo;590.00\t\t\t\t\t\t\t\t\t<\/span>\n\n\t<\/div>\n\n<\/a><span class=\"gtm4wp_productdata\" style=\"display:none; visibility:hidden;\" data-gtm4wp_product_data=\"{&quot;internal_id&quot;:50085,&quot;item_id&quot;:&quot;H1247&quot;,&quot;item_name&quot;:&quot;ClimaFine&quot;,&quot;sku&quot;:&quot;H1247&quot;,&quot;price&quot;:2590,&quot;stocklevel&quot;:null,&quot;stockstatus&quot;:&quot;instock&quot;,&quot;google_business_vertical&quot;:&quot;retail&quot;,&quot;item_category&quot;:&quot;Matelas &amp; surmatelas&quot;,&quot;id&quot;:&quot;H1247&quot;,&quot;productlink&quot;:&quot;https:\\\/\\\/bico.ch\\\/fr\\\/produit\\\/matelas-climafine\\\/&quot;,&quot;item_list_name&quot;:&quot;Liste g\\u00e9n\\u00e9rale des produits&quot;,&quot;index&quot;:1,&quot;product_type&quot;:&quot;variable&quot;,&quot;item_brand&quot;:&quot;&quot;}\"><\/span><\/li><\/ul>\n<\/div>              <\/div>\n                                                <div class=\"swiper-slide\">\n                <div class=\"woocommerce \"><ul class=\"products columns-4\">\n<li class=\"product type-product post-51274 status-publish first instock product_cat-sommiers product_tag-best-seller has-post-thumbnail taxable shipping-taxable purchasable product-type-variable has-default-attributes\">\n\t<div class=\"tags-wrapper\">\n\t\t\n\t\t\t\t\t\t\t\t\t<span class=\"tag-item default\">\n\t\t\t\t\tBEST SELLER\t\t\t\t<\/span>\n\t\t\t\t\t\t<\/div>\n\n\t<a href=\"https:\/\/bico.ch\/fr\/produit\/sommier-swing-flex-a\/\" class=\"woocommerce-LoopProduct-link woocommerce-loop-product__link\"><div class=\"thumbnail-wrapper\"><img decoding=\"async\" loading=\"lazy\" width=\"600\" height=\"400\" src=\"https:\/\/bico.ch\/wp-content\/uploads\/2022\/10\/01-bico-swing-flex-a-lattenrost-cut-600x400.webp\" class=\"attachment-woocommerce_thumbnail size-woocommerce_thumbnail\" alt=\"Lattenrost Swing-flex A\" \/><img decoding=\"async\" loading=\"lazy\" src=\"https:\/\/bico.ch\/wp-content\/uploads\/2024\/10\/03-bico-swing-flex-a-lattenrost-h2091-ausschnitt-aspect-ratio-448-340.webp\" alt=\"BICO swing-flex A Lattenrost Ausschnitt\" class=\"img-fluid attachment-woocommerce_thumbnail-overlay\" \/><\/div><h2 class=\"woocommerce-loop-product__title\">Swing-flex A<\/h2>\n\n\t\t\t<div class=\"woocommerce-loop-product__lead\">\n\t\t\tSommier \u00e0 lattes \u00e9prouv\u00e9 pour une position harmonieuse du corps et la r\u00e9g\u00e9n\u00e9ration nocturne.\t\t<\/div>\n\t\n\n\t<div class=\"star-rating\" role=\"img\" aria-label=\"Note 5 sur 5\"><span style=\"width:100%\">Note <strong class=\"rating\">5<\/strong> sur 5<\/span><\/div>\n\t<div class=\"price-wrapper\">\n\t\t<span class=\"price\">\n\t\t\t\t\t\t\t\t\t\t\t\t\u00e0 partir de CHF 620.00\t\t\t\t\t\t\t\t\t<\/span>\n\n\t<\/div>\n\n<\/a><span class=\"gtm4wp_productdata\" style=\"display:none; visibility:hidden;\" data-gtm4wp_product_data=\"{&quot;internal_id&quot;:51274,&quot;item_id&quot;:&quot;H2091&quot;,&quot;item_name&quot;:&quot;Swing-flex A&quot;,&quot;sku&quot;:&quot;H2091&quot;,&quot;price&quot;:620,&quot;stocklevel&quot;:null,&quot;stockstatus&quot;:&quot;instock&quot;,&quot;google_business_vertical&quot;:&quot;retail&quot;,&quot;item_category&quot;:&quot;Sommiers&quot;,&quot;id&quot;:&quot;H2091&quot;,&quot;productlink&quot;:&quot;https:\\\/\\\/bico.ch\\\/fr\\\/produit\\\/sommier-swing-flex-a\\\/&quot;,&quot;item_list_name&quot;:&quot;Liste g\\u00e9n\\u00e9rale des produits&quot;,&quot;index&quot;:1,&quot;product_type&quot;:&quot;variable&quot;,&quot;item_brand&quot;:&quot;&quot;}\"><\/span><\/li><\/ul>\n<\/div>              <\/div>\n                                                <div class=\"swiper-slide\">\n                <div class=\"woocommerce \"><ul class=\"products columns-4\">\n<li class=\"product type-product post-69759 status-publish first instock product_cat-oreillers-et-couettes has-post-thumbnail taxable shipping-taxable purchasable product-type-variable has-default-attributes\">\n\t<div class=\"tags-wrapper\">\n\t\t\n\t\t\t<\/div>\n\n\t<a href=\"https:\/\/bico.ch\/fr\/produit\/oreiller-vitaadapt\/\" class=\"woocommerce-LoopProduct-link woocommerce-loop-product__link\"><div class=\"thumbnail-wrapper\"><img decoding=\"async\" loading=\"lazy\" width=\"600\" height=\"400\" src=\"https:\/\/bico.ch\/wp-content\/uploads\/2023\/03\/01-selection-bico-kissen-vitaadapt-h4223-v3-600x400.webp\" class=\"attachment-woocommerce_thumbnail size-woocommerce_thumbnail\" alt=\"Selection by Bico Kissen Vitaadapt\" \/><img decoding=\"async\" loading=\"lazy\" src=\"https:\/\/bico.ch\/wp-content\/uploads\/2024\/11\/13-selection-bico-kissen-vitaadapt-h4223-aspect-ratio-448-340.webp\" alt=\"\" class=\"img-fluid attachment-woocommerce_thumbnail-overlay\" \/><\/div><h2 class=\"woocommerce-loop-product__title\">VitaAdapt<\/h2>\n\n\t\t\t<div class=\"woocommerce-loop-product__lead\">\n\t\t\tOreiller de soutien de la nuque ergonomique, multivariable, pour toutes les morphologies et positions de sommeil.\t\t<\/div>\n\t\n\n\t<div class=\"star-rating\" role=\"img\" aria-label=\"Note 4 sur 5\"><span style=\"width:80%\">Note <strong class=\"rating\">4<\/strong> sur 5<\/span><\/div>\n\t<div class=\"price-wrapper\">\n\t\t<span class=\"price\">\n\t\t\t\t\t\t\t\t\t\t\t\t\u00e0 partir de CHF 195.00\t\t\t\t\t\t\t\t\t<\/span>\n\n\t<\/div>\n\n<\/a><span class=\"gtm4wp_productdata\" style=\"display:none; visibility:hidden;\" data-gtm4wp_product_data=\"{&quot;internal_id&quot;:69759,&quot;item_id&quot;:&quot;H4223&quot;,&quot;item_name&quot;:&quot;VitaAdapt&quot;,&quot;sku&quot;:&quot;H4223&quot;,&quot;price&quot;:195,&quot;stocklevel&quot;:null,&quot;stockstatus&quot;:&quot;instock&quot;,&quot;google_business_vertical&quot;:&quot;retail&quot;,&quot;item_category&quot;:&quot;Oreillers &amp; couettes&quot;,&quot;id&quot;:&quot;H4223&quot;,&quot;productlink&quot;:&quot;https:\\\/\\\/bico.ch\\\/fr\\\/produit\\\/oreiller-vitaadapt\\\/&quot;,&quot;item_list_name&quot;:&quot;Liste g\\u00e9n\\u00e9rale des produits&quot;,&quot;index&quot;:1,&quot;product_type&quot;:&quot;variable&quot;,&quot;item_brand&quot;:&quot;&quot;}\"><\/span><\/li><\/ul>\n<\/div>              <\/div>\n                                                <div class=\"swiper-slide\">\n                <div class=\"woocommerce \"><ul class=\"products columns-4\">\n<li class=\"product type-product post-52346 status-publish first instock product_cat-oreillers-et-couettes product_tag-best-seller has-post-thumbnail taxable shipping-taxable purchasable product-type-variable has-default-attributes\">\n\t<div class=\"tags-wrapper\">\n\t\t\n\t\t\t\t\t\t\t\t\t<span class=\"tag-item default\">\n\t\t\t\t\tBEST SELLER\t\t\t\t<\/span>\n\t\t\t\t\t\t<\/div>\n\n\t<a href=\"https:\/\/bico.ch\/fr\/produit\/couette-climaluxe\/\" class=\"woocommerce-LoopProduct-link woocommerce-loop-product__link\"><div class=\"thumbnail-wrapper\"><img decoding=\"async\" loading=\"lazy\" width=\"600\" height=\"400\" src=\"https:\/\/bico.ch\/wp-content\/uploads\/2022\/11\/01-selection-bico-duvet-climaluxe-cut-600x400.webp\" class=\"attachment-woocommerce_thumbnail size-woocommerce_thumbnail\" alt=\"Selection by Bico Duvet Climaluxe\" \/><img decoding=\"async\" loading=\"lazy\" src=\"https:\/\/bico.ch\/wp-content\/uploads\/2024\/10\/04-selection-bico-duvet-climaluxe-aspect-ratio-448-340.webp\" alt=\"BICO selection Duvet ClimaLuxe\" class=\"img-fluid attachment-woocommerce_thumbnail-overlay\" \/><\/div><h2 class=\"woocommerce-loop-product__title\">ClimaLuxe<\/h2>\n\n\t\t\t<div class=\"woocommerce-loop-product__lead\">\n\t\t\tCouette en duvet climatis\u00e9e, brevet\u00e9e, pour une r\u00e9gulation optimale de la temp\u00e9rature et de l\u2019humidit\u00e9.\t\t<\/div>\n\t\n\n\t<div class=\"star-rating\" role=\"img\" aria-label=\"Note 5 sur 5\"><span style=\"width:100%\">Note <strong class=\"rating\">5<\/strong> sur 5<\/span><\/div>\n\t<div class=\"price-wrapper\">\n\t\t<span class=\"price\">\n\t\t\t\t\t\t\t\t\t\t\t\t\u00e0 partir de CHF 790.00\t\t\t\t\t\t\t\t\t<\/span>\n\n\t<\/div>\n\n<\/a><span class=\"gtm4wp_productdata\" style=\"display:none; visibility:hidden;\" data-gtm4wp_product_data=\"{&quot;internal_id&quot;:52346,&quot;item_id&quot;:&quot;H4088&quot;,&quot;item_name&quot;:&quot;ClimaLuxe&quot;,&quot;sku&quot;:&quot;H4088&quot;,&quot;price&quot;:790,&quot;stocklevel&quot;:null,&quot;stockstatus&quot;:&quot;instock&quot;,&quot;google_business_vertical&quot;:&quot;retail&quot;,&quot;item_category&quot;:&quot;Oreillers &amp; couettes&quot;,&quot;id&quot;:&quot;H4088&quot;,&quot;productlink&quot;:&quot;https:\\\/\\\/bico.ch\\\/fr\\\/produit\\\/couette-climaluxe\\\/&quot;,&quot;item_list_name&quot;:&quot;Liste g\\u00e9n\\u00e9rale des produits&quot;,&quot;index&quot;:1,&quot;product_type&quot;:&quot;variable&quot;,&quot;item_brand&quot;:&quot;&quot;}\"><\/span><\/li><\/ul>\n<\/div>              <\/div>\n                                                <div class=\"swiper-slide\">\n                <div class=\"woocommerce \"><ul class=\"products columns-4\">\n<li class=\"product type-product post-56519 status-publish first instock product_cat-accessoires has-post-thumbnail taxable shipping-taxable purchasable product-type-simple\">\n\t<div class=\"tags-wrapper\">\n\t\t\n\t\t\t<\/div>\n\n\t<a href=\"https:\/\/bico.ch\/fr\/produit\/diffuseur-alpin\/\" class=\"woocommerce-LoopProduct-link woocommerce-loop-product__link\"><div class=\"thumbnail-wrapper\"><img decoding=\"async\" loading=\"lazy\" width=\"600\" height=\"400\" src=\"https:\/\/bico.ch\/wp-content\/uploads\/2023\/03\/01-selection-by-bico-raumduft-alpin-h5034-v2-600x400.webp\" class=\"attachment-woocommerce_thumbnail size-woocommerce_thumbnail\" alt=\"Selection By Bico Raumduft Alpin\" \/><img decoding=\"async\" loading=\"lazy\" src=\"https:\/\/bico.ch\/wp-content\/uploads\/2024\/11\/02-selection-by-bico-raumduft-alpin-h5034-aspect-ratio-448-340.webp\" alt=\"\" class=\"img-fluid attachment-woocommerce_thumbnail-overlay\" \/><\/div><h2 class=\"woocommerce-loop-product__title\">Diffuseur Alpin<\/h2>\n\n\t\t\t<div class=\"woocommerce-loop-product__lead\">\n\t\t\tDiffuseur de parfum \u00e9quilibrant pour plus d\u2019\u00e9nergie toute la journ\u00e9e.\t\t<\/div>\n\t\n\n\t<div class=\"star-rating\" role=\"img\" aria-label=\"Note 4.5 sur 5\"><span style=\"width:90%\">Note <strong class=\"rating\">4.5<\/strong> sur 5<\/span><\/div>\n\t<div class=\"price-wrapper\">\n\t\t<span class=\"price\">\n\t\t\t\t\t\t\t\t\t\t\t\tCHF 49.00\t\t\t\t\t\t\t\t\t<\/span>\n\n\t<\/div>\n\n<\/a><span class=\"gtm4wp_productdata\" style=\"display:none; visibility:hidden;\" data-gtm4wp_product_data=\"{&quot;internal_id&quot;:56519,&quot;item_id&quot;:&quot;H5046&quot;,&quot;item_name&quot;:&quot;Diffuseur Alpin&quot;,&quot;sku&quot;:&quot;H5046&quot;,&quot;price&quot;:49,&quot;stocklevel&quot;:null,&quot;stockstatus&quot;:&quot;instock&quot;,&quot;google_business_vertical&quot;:&quot;retail&quot;,&quot;item_category&quot;:&quot;Accessoires&quot;,&quot;id&quot;:&quot;H5046&quot;,&quot;productlink&quot;:&quot;https:\\\/\\\/bico.ch\\\/fr\\\/produit\\\/diffuseur-alpin\\\/&quot;,&quot;item_list_name&quot;:&quot;Liste g\\u00e9n\\u00e9rale des produits&quot;,&quot;index&quot;:1,&quot;product_type&quot;:&quot;simple&quot;,&quot;item_brand&quot;:&quot;&quot;}\"><\/span><\/li><\/ul>\n<\/div>              <\/div>\n                              <\/div>\n        <div class=\"swiper-button-wrapper\">\n          <div class=\"swiper-button-prev\"><?xml version=\"1.0\"?>\n<svg xmlns=\"http:\/\/www.w3.org\/2000\/svg\" width=\"24\" height=\"24\" viewBox=\"0 0 24 24\" fill=\"none\" class=\"icon icon_arrow_left-icon \" aria-labelledby=\"retour-icon\" role=\"img\">\n<g clip-path=\"url(#clip0_11139_13198)\">\n<path d=\"M11 18.9999L4 11.9999L11 4.99992\" stroke=\"#0F1531\"\/>\n<path d=\"M4 12L21.25 12\" stroke=\"#0F1531\"\/>\n<\/g>\n<defs>\n<clipPath id=\"clip0_11139_13198\">\n<rect width=\"24\" height=\"24\" rx=\"12\" transform=\"matrix(-1 0 0 1 24 0)\" fill=\"white\"\/>\n<\/clipPath>\n<\/defs>\n<title id=\"retour-icon\">Retour<\/title><\/svg>\n<\/div>\n          <div class=\"swiper-button-next\"><?xml version=\"1.0\"?>\n<svg xmlns=\"http:\/\/www.w3.org\/2000\/svg\" width=\"24\" height=\"24\" viewBox=\"0 0 24 24\" fill=\"none\" class=\"icon icon_arrow_right-icon \" aria-labelledby=\"continuer-icon\" role=\"img\">\n<path d=\"M13 18.9999L20 11.9999L13 4.99992\" stroke=\"#0F1531\"\/>\n<path d=\"M20 12L2.75 12\" stroke=\"#0F1531\"\/>\n<title id=\"continuer-icon\">Continuer<\/title><\/svg>\n<\/div>\n        <\/div>\n      <\/div>\n\n    <\/div>\n  \n<\/div>","protected":false},"author":7,"comment_status":"open","ping_status":"closed","template":"","blog-taxonomies":[1021,1022],"class_list":["post-175847","blog","type-blog","status-publish","hentry"],"acf":[],"yoast_head":"<!-- This site is optimized with the Yoast SEO Premium plugin v27.4 (Yoast SEO v27.5) - https:\/\/yoast.com\/product\/yoast-seo-premium-wordpress\/ -->\n<title>Manque de sommeil et difficult\u00e9s de concentration | BICO<\/title>\n<meta name=\"description\" content=\"Apprenez pourquoi le manque de sommeil influence notre capacit\u00e9 \u00e0 nous concentrer et ce que vous pouvez faire pour y rem\u00e9dier.\" \/>\n<meta name=\"robots\" content=\"index, follow, max-snippet:-1, max-image-preview:large, max-video-preview:-1\" \/>\n<link rel=\"canonical\" href=\"https:\/\/bico.ch\/fr\/blog-du-sommeil\/manque-de-sommeil-et-baisse-de-concentration-lien-entre-les-deux-et-solutions\/\" \/>\n<meta property=\"og:locale\" content=\"fr_FR\" \/>\n<meta property=\"og:type\" content=\"article\" \/>\n<meta property=\"og:title\" content=\"Manque de sommeil et difficult\u00e9s de concentration | BICO\" \/>\n<meta property=\"og:description\" content=\"Apprenez pourquoi le manque de sommeil influence notre capacit\u00e9 \u00e0 nous concentrer et ce que vous pouvez faire pour y rem\u00e9dier.\" \/>\n<meta property=\"og:url\" content=\"https:\/\/bico.ch\/fr\/blog-du-sommeil\/manque-de-sommeil-et-baisse-de-concentration-lien-entre-les-deux-et-solutions\/\" \/>\n<meta property=\"og:site_name\" content=\"BICO\" \/>\n<meta property=\"article:publisher\" content=\"https:\/\/www.facebook.com\/bicoswitzerland\" \/>\n<meta property=\"article:modified_time\" content=\"2024-11-22T13:21:32+00:00\" \/>\n<meta property=\"og:image\" content=\"https:\/\/bico.ch\/wp-content\/uploads\/2021\/03\/bico-schlafmangel-tipps-gross.jpg\" \/>\n\t<meta property=\"og:image:width\" content=\"1391\" \/>\n\t<meta property=\"og:image:height\" content=\"728\" \/>\n\t<meta property=\"og:image:type\" content=\"image\/jpeg\" \/>\n<script type=\"application\/ld+json\" class=\"yoast-schema-graph\">{\"@context\":\"https:\\\/\\\/schema.org\",\"@graph\":[{\"@type\":\"WebPage\",\"@id\":\"https:\\\/\\\/bico.ch\\\/fr\\\/blog-du-sommeil\\\/manque-de-sommeil-et-baisse-de-concentration-lien-entre-les-deux-et-solutions\\\/\",\"url\":\"https:\\\/\\\/bico.ch\\\/fr\\\/blog-du-sommeil\\\/manque-de-sommeil-et-baisse-de-concentration-lien-entre-les-deux-et-solutions\\\/\",\"name\":\"Manque de sommeil et difficult\u00e9s de concentration | BICO\",\"isPartOf\":{\"@id\":\"https:\\\/\\\/bico.ch\\\/fr\\\/#website\"},\"datePublished\":\"2021-03-19T09:17:12+00:00\",\"dateModified\":\"2024-11-22T13:21:32+00:00\",\"description\":\"Apprenez pourquoi le manque de sommeil influence notre capacit\u00e9 \u00e0 nous concentrer et ce que vous pouvez faire pour y rem\u00e9dier.\",\"breadcrumb\":{\"@id\":\"https:\\\/\\\/bico.ch\\\/fr\\\/blog-du-sommeil\\\/manque-de-sommeil-et-baisse-de-concentration-lien-entre-les-deux-et-solutions\\\/#breadcrumb\"},\"inLanguage\":\"fr-FR\",\"potentialAction\":[{\"@type\":\"ReadAction\",\"target\":[\"https:\\\/\\\/bico.ch\\\/fr\\\/blog-du-sommeil\\\/manque-de-sommeil-et-baisse-de-concentration-lien-entre-les-deux-et-solutions\\\/\"]}]},{\"@type\":\"BreadcrumbList\",\"@id\":\"https:\\\/\\\/bico.ch\\\/fr\\\/blog-du-sommeil\\\/manque-de-sommeil-et-baisse-de-concentration-lien-entre-les-deux-et-solutions\\\/#breadcrumb\",\"itemListElement\":[{\"@type\":\"ListItem\",\"position\":1,\"name\":\"Startseite\",\"item\":\"https:\\\/\\\/bico.ch\\\/fr\\\/\"},{\"@type\":\"ListItem\",\"position\":2,\"name\":\"Manque de sommeil et baisse de concentration &#8211; lien entre les deux et solutions\"}]},{\"@type\":\"WebSite\",\"@id\":\"https:\\\/\\\/bico.ch\\\/fr\\\/#website\",\"url\":\"https:\\\/\\\/bico.ch\\\/fr\\\/\",\"name\":\"BICO\",\"description\":\"F\u00fcr \u00e4 t\u00fc\u00fcf\u00e4 gsund\u00e4 Schlaaf.\u00ae\",\"publisher\":{\"@id\":\"https:\\\/\\\/bico.ch\\\/fr\\\/#organization\"},\"alternateName\":\"bico.ch\",\"potentialAction\":[{\"@type\":\"SearchAction\",\"target\":{\"@type\":\"EntryPoint\",\"urlTemplate\":\"https:\\\/\\\/bico.ch\\\/fr\\\/?s={search_term_string}\"},\"query-input\":{\"@type\":\"PropertyValueSpecification\",\"valueRequired\":true,\"valueName\":\"search_term_string\"}}],\"inLanguage\":\"fr-FR\"},{\"@type\":\"Organization\",\"@id\":\"https:\\\/\\\/bico.ch\\\/fr\\\/#organization\",\"name\":\"BICO\",\"url\":\"https:\\\/\\\/bico.ch\\\/fr\\\/\",\"logo\":{\"@type\":\"ImageObject\",\"inLanguage\":\"fr-FR\",\"@id\":\"https:\\\/\\\/bico.ch\\\/fr\\\/#\\\/schema\\\/logo\\\/image\\\/\",\"url\":\"https:\\\/\\\/bico.ch\\\/wp-content\\\/uploads\\\/2022\\\/11\\\/BICO_Logo_Black-e1667997604131.png\",\"contentUrl\":\"https:\\\/\\\/bico.ch\\\/wp-content\\\/uploads\\\/2022\\\/11\\\/BICO_Logo_Black-e1667997604131.png\",\"width\":2481,\"height\":1754,\"caption\":\"BICO\"},\"image\":{\"@id\":\"https:\\\/\\\/bico.ch\\\/fr\\\/#\\\/schema\\\/logo\\\/image\\\/\"},\"sameAs\":[\"https:\\\/\\\/www.facebook.com\\\/bicoswitzerland\",\"https:\\\/\\\/www.instagram.com\\\/bicoswitzerland\\\/\",\"https:\\\/\\\/www.youtube.com\\\/channel\\\/UCnyVAqYqj5XdkWKWY5CFJ3A\",\"https:\\\/\\\/www.linkedin.com\\\/showcase\\\/bicoswitzerland\\\/\"]}]}<\/script>\n<!-- \/ Yoast SEO Premium plugin. -->","yoast_head_json":{"title":"Manque de sommeil et difficult\u00e9s de concentration | BICO","description":"Apprenez pourquoi le manque de sommeil influence notre capacit\u00e9 \u00e0 nous concentrer et ce que vous pouvez faire pour y rem\u00e9dier.","robots":{"index":"index","follow":"follow","max-snippet":"max-snippet:-1","max-image-preview":"max-image-preview:large","max-video-preview":"max-video-preview:-1"},"canonical":"https:\/\/bico.ch\/fr\/blog-du-sommeil\/manque-de-sommeil-et-baisse-de-concentration-lien-entre-les-deux-et-solutions\/","og_locale":"fr_FR","og_type":"article","og_title":"Manque de sommeil et difficult\u00e9s de concentration | BICO","og_description":"Apprenez pourquoi le manque de sommeil influence notre capacit\u00e9 \u00e0 nous concentrer et ce que vous pouvez faire pour y rem\u00e9dier.","og_url":"https:\/\/bico.ch\/fr\/blog-du-sommeil\/manque-de-sommeil-et-baisse-de-concentration-lien-entre-les-deux-et-solutions\/","og_site_name":"BICO","article_publisher":"https:\/\/www.facebook.com\/bicoswitzerland","article_modified_time":"2024-11-22T13:21:32+00:00","og_image":[{"width":1391,"height":728,"url":"https:\/\/bico.ch\/wp-content\/uploads\/2021\/03\/bico-schlafmangel-tipps-gross.jpg","type":"image\/jpeg"}],"schema":{"@context":"https:\/\/schema.org","@graph":[{"@type":"WebPage","@id":"https:\/\/bico.ch\/fr\/blog-du-sommeil\/manque-de-sommeil-et-baisse-de-concentration-lien-entre-les-deux-et-solutions\/","url":"https:\/\/bico.ch\/fr\/blog-du-sommeil\/manque-de-sommeil-et-baisse-de-concentration-lien-entre-les-deux-et-solutions\/","name":"Manque de sommeil et difficult\u00e9s de concentration | BICO","isPartOf":{"@id":"https:\/\/bico.ch\/fr\/#website"},"datePublished":"2021-03-19T09:17:12+00:00","dateModified":"2024-11-22T13:21:32+00:00","description":"Apprenez pourquoi le manque de sommeil influence notre capacit\u00e9 \u00e0 nous concentrer et ce que vous pouvez faire pour y rem\u00e9dier.","breadcrumb":{"@id":"https:\/\/bico.ch\/fr\/blog-du-sommeil\/manque-de-sommeil-et-baisse-de-concentration-lien-entre-les-deux-et-solutions\/#breadcrumb"},"inLanguage":"fr-FR","potentialAction":[{"@type":"ReadAction","target":["https:\/\/bico.ch\/fr\/blog-du-sommeil\/manque-de-sommeil-et-baisse-de-concentration-lien-entre-les-deux-et-solutions\/"]}]},{"@type":"BreadcrumbList","@id":"https:\/\/bico.ch\/fr\/blog-du-sommeil\/manque-de-sommeil-et-baisse-de-concentration-lien-entre-les-deux-et-solutions\/#breadcrumb","itemListElement":[{"@type":"ListItem","position":1,"name":"Startseite","item":"https:\/\/bico.ch\/fr\/"},{"@type":"ListItem","position":2,"name":"Manque de sommeil et baisse de concentration &#8211; lien entre les deux et solutions"}]},{"@type":"WebSite","@id":"https:\/\/bico.ch\/fr\/#website","url":"https:\/\/bico.ch\/fr\/","name":"BICO","description":"F\u00fcr \u00e4 t\u00fc\u00fcf\u00e4 gsund\u00e4 Schlaaf.\u00ae","publisher":{"@id":"https:\/\/bico.ch\/fr\/#organization"},"alternateName":"bico.ch","potentialAction":[{"@type":"SearchAction","target":{"@type":"EntryPoint","urlTemplate":"https:\/\/bico.ch\/fr\/?s={search_term_string}"},"query-input":{"@type":"PropertyValueSpecification","valueRequired":true,"valueName":"search_term_string"}}],"inLanguage":"fr-FR"},{"@type":"Organization","@id":"https:\/\/bico.ch\/fr\/#organization","name":"BICO","url":"https:\/\/bico.ch\/fr\/","logo":{"@type":"ImageObject","inLanguage":"fr-FR","@id":"https:\/\/bico.ch\/fr\/#\/schema\/logo\/image\/","url":"https:\/\/bico.ch\/wp-content\/uploads\/2022\/11\/BICO_Logo_Black-e1667997604131.png","contentUrl":"https:\/\/bico.ch\/wp-content\/uploads\/2022\/11\/BICO_Logo_Black-e1667997604131.png","width":2481,"height":1754,"caption":"BICO"},"image":{"@id":"https:\/\/bico.ch\/fr\/#\/schema\/logo\/image\/"},"sameAs":["https:\/\/www.facebook.com\/bicoswitzerland","https:\/\/www.instagram.com\/bicoswitzerland\/","https:\/\/www.youtube.com\/channel\/UCnyVAqYqj5XdkWKWY5CFJ3A","https:\/\/www.linkedin.com\/showcase\/bicoswitzerland\/"]}]}},"_links":{"self":[{"href":"https:\/\/bico.ch\/fr\/wp-json\/wp\/v2\/blog\/175847","targetHints":{"allow":["GET"]}}],"collection":[{"href":"https:\/\/bico.ch\/fr\/wp-json\/wp\/v2\/blog"}],"about":[{"href":"https:\/\/bico.ch\/fr\/wp-json\/wp\/v2\/types\/blog"}],"author":[{"embeddable":true,"href":"https:\/\/bico.ch\/fr\/wp-json\/wp\/v2\/users\/7"}],"replies":[{"embeddable":true,"href":"https:\/\/bico.ch\/fr\/wp-json\/wp\/v2\/comments?post=175847"}],"version-history":[{"count":0,"href":"https:\/\/bico.ch\/fr\/wp-json\/wp\/v2\/blog\/175847\/revisions"}],"wp:attachment":[{"href":"https:\/\/bico.ch\/fr\/wp-json\/wp\/v2\/media?parent=175847"}],"wp:term":[{"taxonomy":"blog-taxonomies","embeddable":true,"href":"https:\/\/bico.ch\/fr\/wp-json\/wp\/v2\/blog-taxonomies?post=175847"}],"curies":[{"name":"wp","href":"https:\/\/api.w.org\/{rel}","templated":true}]}}