{"id":208990,"date":"2021-09-24T16:09:13","date_gmt":"2021-09-24T14:09:13","guid":{"rendered":"https:\/\/bico.ch\/?post_type=blog&#038;p=208990"},"modified":"2025-03-27T16:38:00","modified_gmt":"2025-03-27T15:38:00","slug":"les-habitudes-de-sommeil-en-suisse","status":"publish","type":"blog","link":"https:\/\/bico.ch\/fr\/blog-du-sommeil\/les-habitudes-de-sommeil-en-suisse\/","title":{"rendered":"Les habitudes de sommeil en Suisse"},"content":{"rendered":"\n<div id=\"lead-text-block_139be2fc5cb969a27ac4fcaca33eb728\" class=\"lead-text \n mt-medium mb-medium\">\n      <div class=\"container\">\n      <div class=\"row\">\n        <div class=\"offset-xl-2 col-xl-8\">\n\n          \n          \n          \n                      <div class=\"wysiwyg text text-center \">\n              <p>Un sommeil sain est indispensable \u00e0 notre bien-\u00eatre mental, mais aussi \u00e0 notre sant\u00e9 physique. C\u2019est pourquoi BICO s\u2019engage depuis 160 ans en faveur d\u2019un sommeil de qualit\u00e9 et de solutions de sommeil innovantes. Afin de mieux comprendre les besoins de notre client\u00e8le et de lui proposer les meilleurs produits possibles, nous avons r\u00e9alis\u00e9 une \u00e9tude sur le sommeil avec la soci\u00e9t\u00e9 d\u2019\u00e9tudes de march\u00e9 LINK. Il en est ressorti que l\u2019ergonomie, le stress et le climat, entre autres, ont une influence directe sur la qualit\u00e9 du sommeil.<\/p>\n            <\/div>\n          \n        <\/div>\n      <\/div>\n    <\/div>\n  <\/div>\n\n\n<div id=\"anker-leiste-block_32ad91959e71e95ae9fe8df58ffc590f\" class=\"anker-leiste \n mt-medium variante-2\">\n\n      <div class=\"container\">\n      <div class=\"row justify-content-center\">\n\n                  <div class=\"col-xxl-10\">\n            <div class=\"row gx-xl-5\">\n                              <div class=\"col-md-6 col-xl-4 anchor-item-wrapper d-flex\">\n                  <a class=\"anchor-item text-500\" href=\"#titel-text-block_db991ea3d1f9bcca4e10a52d0c59f106\">\n                    <span>Difficult\u00e9s \u00e0 s\u2019endormir ou sieste: voici les habitudes de sommeil des Suissesses et des Suisses <\/span>\n                    <i class=\"fak fa-icon-anchorlink\"><\/i>\n                  <\/a>\n                <\/div>\n                              <div class=\"col-md-6 col-xl-4 anchor-item-wrapper d-flex\">\n                  <a class=\"anchor-item text-500\" href=\"#titel-text-block_7f9e8a7a5f58b4caa2c3f7085c283317\">\n                    <span>Le plus souvent, 3 facteurs perturbants principaux emp\u00eachent un bon sommeil.<\/span>\n                    <i class=\"fak fa-icon-anchorlink\"><\/i>\n                  <\/a>\n                <\/div>\n                              <div class=\"col-md-6 col-xl-4 anchor-item-wrapper d-flex\">\n                  <a class=\"anchor-item text-500\" href=\"#titel-text-block_6496a3eace361fa4cd6581e8422b6d71\">\n                    <span>Conclusion<\/span>\n                    <i class=\"fak fa-icon-anchorlink\"><\/i>\n                  <\/a>\n                <\/div>\n                          <\/div>\n          <\/div>\n        \n\n      <\/div>\n    <\/div>\n  \n<\/div>\n\n\n<div id=\"titel-text-block_db991ea3d1f9bcca4e10a52d0c59f106\" class=\"titel-text \n mt-medium\">\n\n      <div class=\"container\">\n\n      <div class=\"row justify-content-center\">\n        <div class=\"col-md-8 col-xl-6\">\n                      <h3 class=\"h2   \">\n              Difficult\u00e9s \u00e0 s\u2019endormir ou sieste: voici les habitudes de sommeil des Suissesses et des Suisses             <\/h3>\n                                                    <div class=\"wysiwyg text  \">\n              <p>Il faut se prendre le temps: les m\u00e9decins recommandent en moyenne 7 \u00e0 9 heures de sommeil par nuit pour un repos nocturne optimal. La majorit\u00e9 des Suissesses et des Suisses suivent ce conseil et dorment en moyenne 7 heures environ en semaine; la plupart se couchent entre 22h et 23h la semaine. Le week-end, les personnes interrog\u00e9es se laissent un peu plus de temps: elles se couchent entre 23h et minuit et 20% d\u2019entre elles ne dorment pas moins de 9 heures. Mais tout le monde ne s\u2019endort pas instantan\u00e9ment: seules 28% des personnes interrog\u00e9es ont d\u00e9clar\u00e9 s\u2019endormir dans les 5 \u00e0 10 premi\u00e8res minutes. Cela signifie qu\u2019une personne sur cinq a des difficult\u00e9s \u00e0 s\u2019endormir . La dur\u00e9e du repos est raccourcie d\u2019autant, c\u2019est pourquoi 10% environ des Suissesses et des Suisses s\u2019accordent une sieste apr\u00e8s le repas de midi pour faire le plein d\u2019\u00e9nergie en journ\u00e9e. Fait int\u00e9ressant: les siestes sont plus fr\u00e9quentes en Suisse romande que dans le reste du pays.<\/p>\n<p><img loading=\"lazy\" decoding=\"async\" class=\"\" src=\"https:\/\/bico.ch\/wp-content\/uploads\/2022\/12\/bico-etude-sommeil-transpiration.png\" alt=\"ICO d\u00e9voile les principaux facteurs \u00e0 l\u2019origine des troubles du sommeil\" width=\"782\" height=\"782\" \/><\/p>\n            <\/div>\n                            <\/div>\n      <\/div>\n    <\/div>\n  <\/div>\n\n\n<div id=\"titel-text-block_7f9e8a7a5f58b4caa2c3f7085c283317\" class=\"titel-text \n mt-medium\">\n\n      <div class=\"container\">\n\n      <div class=\"row justify-content-center\">\n        <div class=\"col-md-8 col-xl-6\">\n                      <h3 class=\"h2   \">\n              Le plus souvent, 3 facteurs perturbants principaux emp\u00eachent un bon sommeil.             <\/h3>\n                                <h4 class=\"h3  \">\n              Ergonomie: trouver le bon degr\u00e9 de fermet\u00e9 du matelas            <\/h4>\n                                          <div class=\"wysiwyg text  \">\n              <p>Comme on fait son lit, on se couche. Ou ici: comme on fait son lit, on dort. Le rapport direct entre la qualit\u00e9 du support de couchage et une bonne nuit de sommeil est en effet scientifiquement prouv\u00e9. Si 34% des Suissesses et des Suisses se plaignent de contractures au lever, 11% se r\u00e9veillent m\u00eame en raison de douleurs au dos ou \u00e0 la nuque. Les tensions et contractures peuvent \u00eatre favoris\u00e9es par de multiples facteurs: une position de sommeil ergonomique la nuit est d\u2019autant plus importante pour que le corps puisse r\u00e9cup\u00e9rer des sollicitations la journ\u00e9e.<br \/>\nNotre conseil: veillez \u00e0 ce que votre colonne vert\u00e9brale reste droite pour pr\u00e9venir les douleurs au niveau du dos, de la nuque et des \u00e9paules. Cela passe aussi par un oreiller adapt\u00e9. Vous en apprendrez davantage sur le sujet dans notre article de blog <a href=\"https:\/\/bico.ch\/fr\/blog-du-sommeil\/prevenez-les-maux-de-dos-avec-le-bon-matelas\/\">\u00abPr\u00e9venez les maux de dos avec le bon matelas\u00bb<\/a><\/p>\n            <\/div>\n                            <\/div>\n      <\/div>\n    <\/div>\n  <\/div>\n\n\n<div id=\"titel-text-block_ae2f613d7750983a5f3f812ff2937583\" class=\"titel-text \n mt-medium\">\n\n      <div class=\"container\">\n\n      <div class=\"row justify-content-center\">\n        <div class=\"col-md-8 col-xl-6\">\n                                <h4 class=\"h3  \">\n              La bonne temp\u00e9rature dans la chambre \u00e0 coucher            <\/h4>\n                                          <div class=\"wysiwyg text  \">\n              <p>La temp\u00e9rature aussi joue un r\u00f4le important dans le sommeil. Notre \u00e9tude a montr\u00e9 que 30% des Suissesses et des Suisses <a href=\"https:\/\/bico.ch\/fr\/fin-des-sueurs-nocturnes\/\">transpirent<\/a> la nuit et que 14% ont froid. Cela influe \u00e9norm\u00e9ment sur le sommeil. Pourquoi? Parce que le corps est occup\u00e9 \u00e0 r\u00e9guler sa temp\u00e9rature et se \u00abd\u00e9fend\u00bb de ce fait contre le sommeil. S\u2019il fait trop froid, nous grelottons, ce qui peut provoquer des contractures et des refroidissements. S\u2019il fait trop chaud, nous transpirons et n\u2019arrivons pas \u00e0 nous endormir. Cela affecte donc directement la qualit\u00e9 de notre sommeil, mais aussi notre sant\u00e9. Un lit humide peut en outre \u00eatre \u00e0 l\u2019origine de r\u00e9veils fr\u00e9quents ou pr\u00e9matur\u00e9s. Vous trouverez des informations et des conseils importants sur la temp\u00e9rature dans la chambre \u00e0 coucher dans notre article de blog <a href=\"https:\/\/bico.ch\/fr\/blog-du-sommeil\/mieux-dormir-voici-comment-creer-un-climat-de-sommeil-optimal\/\">\u00abMieux dormir: voici comment cr\u00e9er un climat de sommeil optimal\u00bb<\/a>.<br \/>\nMais voici d\u2019embl\u00e9e notre conseil: dans la chambre \u00e0 coucher, veillez aussi \u00e0 utiliser du linge de nuit, des couettes et des oreillers thermor\u00e9gulateurs.<\/p>\n            <\/div>\n                            <\/div>\n      <\/div>\n    <\/div>\n  <\/div>\n\n\n<div id=\"titel-text-block_0f0897ff4606da0be8462e33f476bf1b\" class=\"titel-text \n mt-medium\">\n\n      <div class=\"container\">\n\n      <div class=\"row justify-content-center\">\n        <div class=\"col-md-8 col-xl-6\">\n                                <h4 class=\"h3  \">\n              La Suisse est stress\u00e9e             <\/h4>\n                                          <div class=\"wysiwyg text  \">\n              <p>Le niveau de stress en Suisse augmente depuis des ann\u00e9es et a r\u00e9cemment bondi avec la pand\u00e9mie. Les r\u00e9sultats de notre \u00e9tude montrent que 28% seulement des Suissesses et des Suisses arrivent \u00e0 <a href=\"https:\/\/bico.ch\/fr\/blog-du-sommeil\/troubles-du-sommeil-et-insomnie-le-stress-influence-notre-sommeil\/\">s\u2019endormir sans probl\u00e8me<\/a>. 31% dorment mal du fait du stress, 20% par nervosit\u00e9 et 28% \u00e0 cause de contractures. Le stress ne nous emp\u00eache pas seulement de nous reposer, il inhibe aussi la lib\u00e9ration de m\u00e9latonine, l\u2019hormone du sommeil. Point particuli\u00e8rement critique: lorsque nous dormons mal, notre corps et notre cerveau ne se r\u00e9g\u00e9n\u00e8rent pas suffisamment, ce qui nous rend particuli\u00e8rement sensibles au stress le lendemain: c\u2019est un cercle vicieux.<br \/>\nNotre conseil: faites en sorte d\u2019instaurer une p\u00e9riode de calme avant de vous endormir, \u00e0 la fois pour vous d\u00e9tendre et pour soulager votre syst\u00e8me nerveux autonome. Des exercices de relaxation, lire un livre ou noter les \u00e9v\u00e9nements de la journ\u00e9e peuvent par exemple \u00eatre utiles.<\/p>\n<p>&nbsp;<\/p>\n<p><img decoding=\"async\" src=\"https:\/\/bico.ch\/wp-content\/uploads\/2023\/11\/bico-blog-Conseils-pour-sendormir-plus-facilement.jpg\" alt=\"Schlafstudie Tipps besser einschlafen fr\" \/><\/p>\n            <\/div>\n                            <\/div>\n      <\/div>\n    <\/div>\n  <\/div>\n\n\n<div id=\"titel-text-block_6496a3eace361fa4cd6581e8422b6d71\" class=\"titel-text \n mt-medium\">\n\n      <div class=\"container\">\n\n      <div class=\"row justify-content-center\">\n        <div class=\"col-md-8 col-xl-6\">\n                      <h3 class=\"h2   \">\n              Conclusion            <\/h3>\n                                                    <div class=\"wysiwyg text  \">\n              <p>Les Suissesses et les Suisses dorment en moyenne assez, mais ont du mal \u00e0 s\u2019endormir. Veillez \u00e0 une literie adapt\u00e9e \u00e0 vos besoins et essayez de r\u00e9duire votre stress au quotidien. Les rituels de sommeil peuvent en outre vous aider \u00e0 vous endormir et \u00e0 \u00e9viter les r\u00e9veils intempestifs en cours de nuit. Vous trouverez les r\u00e9sultats complets de l\u2019\u00e9tude sur le sommeil sur <a href=\"https:\/\/bico.ch\/fr\/etude-sur-le-sommeil\/\">www.bico.ch\/etude-sur-le-sommeil<\/a> . Voici encore un fait amusant avant de vous laisser repartir au pays des songes: saviez-vous qu\u2019en moyenne, nous r\u00eavons une heure et demie par nuit? M\u00eame si nous ne nous en rappelons pas.<\/p>\n            <\/div>\n                            <\/div>\n      <\/div>\n    <\/div>\n  <\/div>\n\n\n<div id=\"produktempfehlungen-block_28907cd707b6ba482254356c09ea79e1\" class=\"produktempfehlungen \n mt-medium mb-medium\">\n\n      <div class=\"container\">\n\n              <div class=\"row\">\n          <div class=\"col-12\">\n            <h2 class=\"h2 large\">Recommand\u00e9 pour vous<\/h2>\n          <\/div>\n        <\/div>\n      \n      <div class=\"swiper produktempfehlungen-swiper\">\n        <div class=\"swiper-wrapper\">\n                                    <div class=\"swiper-slide\">\n                <div class=\"woocommerce \"><ul class=\"products columns-4\">\n<li class=\"product type-product post-50085 status-publish first instock product_cat-matelas-et-surmatelas product_tag-populaire has-post-thumbnail taxable shipping-taxable purchasable product-type-variable has-default-attributes\">\n\t<div class=\"tags-wrapper\">\n\t\t\n\t\t\t\t\t\t\t\t\t<span class=\"tag-item default\">\n\t\t\t\t\tPOPULAIRE\t\t\t\t<\/span>\n\t\t\t\t\t\t<\/div>\n\n\t<a href=\"https:\/\/bico.ch\/fr\/produit\/matelas-climafine\/\" class=\"woocommerce-LoopProduct-link woocommerce-loop-product__link\"><div class=\"thumbnail-wrapper\"><img decoding=\"async\" loading=\"lazy\" width=\"600\" height=\"400\" src=\"https:\/\/bico.ch\/wp-content\/uploads\/2022\/10\/01-bico-matratze-climafine-cut-2-600x400.webp\" class=\"attachment-woocommerce_thumbnail size-woocommerce_thumbnail\" alt=\"BICO Matratze Climafine h1247 Aufbau Matratzenkern bietet in den verschiedenen Koerperzonen die bestmoegliche Stuetzung und Druckentlastung fuer einen gesunden Schlaf\" \/><img decoding=\"async\" loading=\"lazy\" src=\"https:\/\/bico.ch\/wp-content\/uploads\/2024\/10\/03-bico-matratze-climafine-h1247-aspect-ratio-448-340.webp\" alt=\"BICO Matratze Climafine h1247 auf Bettgestell mit Duvet\" class=\"img-fluid attachment-woocommerce_thumbnail-overlay\" \/><\/div><h2 class=\"woocommerce-loop-product__title\">ClimaFine<\/h2>\n\n\t\t\t<div class=\"woocommerce-loop-product__lead\">\n\t\t\tLe top des matelas climatis\u00e9s, excellent climat de lit et soutien du corps.\t\t<\/div>\n\t\n\n\t\n\t<div class=\"price-wrapper\">\n\t\t<span class=\"price\">\n\t\t\t\t\t\t\t\t\t\t\t\t\u00e0 partir de CHF 2&rsquo;590.00\t\t\t\t\t\t\t\t\t<\/span>\n\n\t<\/div>\n\n<\/a><span class=\"gtm4wp_productdata\" style=\"display:none; visibility:hidden;\" data-gtm4wp_product_data=\"{&quot;internal_id&quot;:50085,&quot;item_id&quot;:&quot;H1247&quot;,&quot;item_name&quot;:&quot;ClimaFine&quot;,&quot;sku&quot;:&quot;H1247&quot;,&quot;price&quot;:2590,&quot;stocklevel&quot;:null,&quot;stockstatus&quot;:&quot;instock&quot;,&quot;google_business_vertical&quot;:&quot;retail&quot;,&quot;item_category&quot;:&quot;Matelas &amp; surmatelas&quot;,&quot;id&quot;:&quot;H1247&quot;,&quot;productlink&quot;:&quot;https:\\\/\\\/bico.ch\\\/fr\\\/produit\\\/matelas-climafine\\\/&quot;,&quot;item_list_name&quot;:&quot;Liste g\\u00e9n\\u00e9rale des produits&quot;,&quot;index&quot;:1,&quot;product_type&quot;:&quot;variable&quot;,&quot;item_brand&quot;:&quot;&quot;}\"><\/span><\/li><\/ul>\n<\/div>              <\/div>\n                                                <div class=\"swiper-slide\">\n                <div class=\"woocommerce \"><ul class=\"products columns-4\">\n<li class=\"product type-product post-51078 status-publish first instock product_cat-sommiers product_tag-prime has-post-thumbnail taxable shipping-taxable purchasable product-type-variable has-default-attributes\">\n\t<div class=\"tags-wrapper\">\n\t\t\n\t\t\t\t\t\t\t\t\t<span class=\"tag-item default\">\n\t\t\t\t\tPRIM\u00c9\t\t\t\t<\/span>\n\t\t\t\t\t\t<\/div>\n\n\t<a href=\"https:\/\/bico.ch\/fr\/produit\/sommier-bico-flex-m2\/\" class=\"woocommerce-LoopProduct-link woocommerce-loop-product__link\"><div class=\"thumbnail-wrapper\"><img decoding=\"async\" loading=\"lazy\" width=\"600\" height=\"400\" src=\"https:\/\/bico.ch\/wp-content\/uploads\/2022\/10\/01-bico-flex-m2-lattenrost-cut-600x400.webp\" class=\"attachment-woocommerce_thumbnail size-woocommerce_thumbnail\" alt=\"BICO Flex Lattenrost mit motorischer Verstellung\" \/><img decoding=\"async\" loading=\"lazy\" src=\"https:\/\/bico.ch\/wp-content\/uploads\/2024\/10\/03-bico-flex-m2-lattenrost-h2121-ausschnitt-aspect-ratio-448-340.webp\" alt=\"bico-flex M2 Lattenrost Ausschnitt\" class=\"img-fluid attachment-woocommerce_thumbnail-overlay\" \/><\/div><h2 class=\"woocommerce-loop-product__title\">bico-flex M2<\/h2>\n\n\t\t\t<div class=\"woocommerce-loop-product__lead\">\n\t\t\tSommier \u00e0 lattes innovant: le top du soulagement des \u00e9paules et de l\u2019adaptation au corps.\t\t<\/div>\n\t\n\n\t<div class=\"star-rating\" role=\"img\" aria-label=\"Note 5 sur 5\"><span style=\"width:100%\">Note <strong class=\"rating\">5<\/strong> sur 5<\/span><\/div>\n\t<div class=\"price-wrapper\">\n\t\t<span class=\"price\">\n\t\t\t\t\t\t\t\t\t\t\t\t\u00e0 partir de CHF 2&rsquo;990.00\t\t\t\t\t\t\t\t\t<\/span>\n\n\t<\/div>\n\n<\/a><span class=\"gtm4wp_productdata\" style=\"display:none; visibility:hidden;\" data-gtm4wp_product_data=\"{&quot;internal_id&quot;:51078,&quot;item_id&quot;:&quot;H2121&quot;,&quot;item_name&quot;:&quot;bico-flex M2&quot;,&quot;sku&quot;:&quot;H2121&quot;,&quot;price&quot;:2990,&quot;stocklevel&quot;:null,&quot;stockstatus&quot;:&quot;instock&quot;,&quot;google_business_vertical&quot;:&quot;retail&quot;,&quot;item_category&quot;:&quot;Sommiers&quot;,&quot;id&quot;:&quot;H2121&quot;,&quot;productlink&quot;:&quot;https:\\\/\\\/bico.ch\\\/fr\\\/produit\\\/sommier-bico-flex-m2\\\/&quot;,&quot;item_list_name&quot;:&quot;Liste g\\u00e9n\\u00e9rale des produits&quot;,&quot;index&quot;:1,&quot;product_type&quot;:&quot;variable&quot;,&quot;item_brand&quot;:&quot;&quot;}\"><\/span><\/li><\/ul>\n<\/div>              <\/div>\n                                                <div class=\"swiper-slide\">\n                <div class=\"woocommerce \"><ul class=\"products columns-4\">\n<li class=\"product type-product post-69759 status-publish first instock product_cat-oreillers-et-couettes has-post-thumbnail taxable shipping-taxable purchasable product-type-variable has-default-attributes\">\n\t<div class=\"tags-wrapper\">\n\t\t\n\t\t\t<\/div>\n\n\t<a href=\"https:\/\/bico.ch\/fr\/produit\/oreiller-vitaadapt\/\" class=\"woocommerce-LoopProduct-link woocommerce-loop-product__link\"><div class=\"thumbnail-wrapper\"><img decoding=\"async\" loading=\"lazy\" width=\"600\" height=\"400\" src=\"https:\/\/bico.ch\/wp-content\/uploads\/2023\/03\/01-selection-bico-kissen-vitaadapt-h4223-v3-600x400.webp\" class=\"attachment-woocommerce_thumbnail size-woocommerce_thumbnail\" alt=\"Selection by Bico Kissen Vitaadapt\" \/><img decoding=\"async\" loading=\"lazy\" src=\"https:\/\/bico.ch\/wp-content\/uploads\/2024\/11\/13-selection-bico-kissen-vitaadapt-h4223-aspect-ratio-448-340.webp\" alt=\"\" class=\"img-fluid attachment-woocommerce_thumbnail-overlay\" \/><\/div><h2 class=\"woocommerce-loop-product__title\">VitaAdapt<\/h2>\n\n\t\t\t<div class=\"woocommerce-loop-product__lead\">\n\t\t\tOreiller de soutien de la nuque ergonomique, multivariable, pour toutes les morphologies et positions de sommeil.\t\t<\/div>\n\t\n\n\t<div class=\"star-rating\" role=\"img\" aria-label=\"Note 4 sur 5\"><span style=\"width:80%\">Note <strong class=\"rating\">4<\/strong> sur 5<\/span><\/div>\n\t<div class=\"price-wrapper\">\n\t\t<span class=\"price\">\n\t\t\t\t\t\t\t\t\t\t\t\t\u00e0 partir de CHF 195.00\t\t\t\t\t\t\t\t\t<\/span>\n\n\t<\/div>\n\n<\/a><span class=\"gtm4wp_productdata\" style=\"display:none; visibility:hidden;\" data-gtm4wp_product_data=\"{&quot;internal_id&quot;:69759,&quot;item_id&quot;:&quot;H4223&quot;,&quot;item_name&quot;:&quot;VitaAdapt&quot;,&quot;sku&quot;:&quot;H4223&quot;,&quot;price&quot;:195,&quot;stocklevel&quot;:null,&quot;stockstatus&quot;:&quot;instock&quot;,&quot;google_business_vertical&quot;:&quot;retail&quot;,&quot;item_category&quot;:&quot;Oreillers &amp; couettes&quot;,&quot;id&quot;:&quot;H4223&quot;,&quot;productlink&quot;:&quot;https:\\\/\\\/bico.ch\\\/fr\\\/produit\\\/oreiller-vitaadapt\\\/&quot;,&quot;item_list_name&quot;:&quot;Liste g\\u00e9n\\u00e9rale des produits&quot;,&quot;index&quot;:1,&quot;product_type&quot;:&quot;variable&quot;,&quot;item_brand&quot;:&quot;&quot;}\"><\/span><\/li><\/ul>\n<\/div>              <\/div>\n                                                <div class=\"swiper-slide\">\n                <div class=\"woocommerce \"><ul class=\"products columns-4\">\n<li class=\"product type-product post-52346 status-publish first instock product_cat-oreillers-et-couettes product_tag-best-seller has-post-thumbnail taxable shipping-taxable purchasable product-type-variable has-default-attributes\">\n\t<div class=\"tags-wrapper\">\n\t\t\n\t\t\t\t\t\t\t\t\t<span class=\"tag-item default\">\n\t\t\t\t\tBEST SELLER\t\t\t\t<\/span>\n\t\t\t\t\t\t<\/div>\n\n\t<a href=\"https:\/\/bico.ch\/fr\/produit\/couette-climaluxe\/\" class=\"woocommerce-LoopProduct-link woocommerce-loop-product__link\"><div class=\"thumbnail-wrapper\"><img decoding=\"async\" loading=\"lazy\" width=\"600\" height=\"400\" src=\"https:\/\/bico.ch\/wp-content\/uploads\/2022\/11\/01-selection-bico-duvet-climaluxe-cut-600x400.webp\" class=\"attachment-woocommerce_thumbnail size-woocommerce_thumbnail\" alt=\"Selection by Bico Duvet Climaluxe\" \/><img decoding=\"async\" loading=\"lazy\" src=\"https:\/\/bico.ch\/wp-content\/uploads\/2024\/10\/04-selection-bico-duvet-climaluxe-aspect-ratio-448-340.webp\" alt=\"BICO selection Duvet ClimaLuxe\" class=\"img-fluid attachment-woocommerce_thumbnail-overlay\" \/><\/div><h2 class=\"woocommerce-loop-product__title\">ClimaLuxe<\/h2>\n\n\t\t\t<div class=\"woocommerce-loop-product__lead\">\n\t\t\tCouette en duvet climatis\u00e9e, brevet\u00e9e, pour une r\u00e9gulation optimale de la temp\u00e9rature et de l\u2019humidit\u00e9.\t\t<\/div>\n\t\n\n\t<div class=\"star-rating\" role=\"img\" aria-label=\"Note 5 sur 5\"><span style=\"width:100%\">Note <strong class=\"rating\">5<\/strong> sur 5<\/span><\/div>\n\t<div class=\"price-wrapper\">\n\t\t<span class=\"price\">\n\t\t\t\t\t\t\t\t\t\t\t\t\u00e0 partir de CHF 790.00\t\t\t\t\t\t\t\t\t<\/span>\n\n\t<\/div>\n\n<\/a><span class=\"gtm4wp_productdata\" style=\"display:none; visibility:hidden;\" data-gtm4wp_product_data=\"{&quot;internal_id&quot;:52346,&quot;item_id&quot;:&quot;H4088&quot;,&quot;item_name&quot;:&quot;ClimaLuxe&quot;,&quot;sku&quot;:&quot;H4088&quot;,&quot;price&quot;:790,&quot;stocklevel&quot;:null,&quot;stockstatus&quot;:&quot;instock&quot;,&quot;google_business_vertical&quot;:&quot;retail&quot;,&quot;item_category&quot;:&quot;Oreillers &amp; couettes&quot;,&quot;id&quot;:&quot;H4088&quot;,&quot;productlink&quot;:&quot;https:\\\/\\\/bico.ch\\\/fr\\\/produit\\\/couette-climaluxe\\\/&quot;,&quot;item_list_name&quot;:&quot;Liste g\\u00e9n\\u00e9rale des produits&quot;,&quot;index&quot;:1,&quot;product_type&quot;:&quot;variable&quot;,&quot;item_brand&quot;:&quot;&quot;}\"><\/span><\/li><\/ul>\n<\/div>              <\/div>\n                                                <div class=\"swiper-slide\">\n                <div class=\"woocommerce \"><ul class=\"products columns-4\">\n<li class=\"product type-product post-53740 status-publish first instock product_cat-accessoires has-post-thumbnail taxable shipping-taxable purchasable product-type-variable has-default-attributes\">\n\t<div class=\"tags-wrapper\">\n\t\t\n\t\t\t<\/div>\n\n\t<a href=\"https:\/\/bico.ch\/fr\/produit\/alese-en-molleton\/\" class=\"woocommerce-LoopProduct-link woocommerce-loop-product__link\"><div class=\"thumbnail-wrapper\"><img decoding=\"async\" loading=\"lazy\" width=\"600\" height=\"400\" src=\"https:\/\/bico.ch\/wp-content\/uploads\/2023\/03\/01-selection-by-bico-molton-auflage-h4668-v2-600x400.webp\" class=\"attachment-woocommerce_thumbnail size-woocommerce_thumbnail\" alt=\"Al\u00e8se en molleton\" \/><img decoding=\"async\" loading=\"lazy\" src=\"https:\/\/bico.ch\/wp-content\/uploads\/2024\/11\/02-selection-by-bico-molton-auflage-h4676-aspect-ratio-448-340.webp\" alt=\"\" class=\"img-fluid attachment-woocommerce_thumbnail-overlay\" \/><\/div><h2 class=\"woocommerce-loop-product__title\">Al\u00e8se en molleton<\/h2>\n\n\t\t\t<div class=\"woocommerce-loop-product__lead\">\n\t\t\tAl\u00e8se plateau hygi\u00e9nique en molleton doux et respirant.\t\t<\/div>\n\t\n\n\t<div class=\"star-rating\" role=\"img\" aria-label=\"Note 4.5 sur 5\"><span style=\"width:90%\">Note <strong class=\"rating\">4.5<\/strong> sur 5<\/span><\/div>\n\t<div class=\"price-wrapper\">\n\t\t<span class=\"price\">\n\t\t\t\t\t\t\t\t\t\t\t\t\u00e0 partir de CHF 55.00\t\t\t\t\t\t\t\t\t<\/span>\n\n\t<\/div>\n\n<\/a><span class=\"gtm4wp_productdata\" style=\"display:none; visibility:hidden;\" data-gtm4wp_product_data=\"{&quot;internal_id&quot;:53740,&quot;item_id&quot;:&quot;H4676&quot;,&quot;item_name&quot;:&quot;Al\\u00e8se en molleton&quot;,&quot;sku&quot;:&quot;H4676&quot;,&quot;price&quot;:55,&quot;stocklevel&quot;:null,&quot;stockstatus&quot;:&quot;instock&quot;,&quot;google_business_vertical&quot;:&quot;retail&quot;,&quot;item_category&quot;:&quot;Accessoires&quot;,&quot;id&quot;:&quot;H4676&quot;,&quot;productlink&quot;:&quot;https:\\\/\\\/bico.ch\\\/fr\\\/produit\\\/alese-en-molleton\\\/&quot;,&quot;item_list_name&quot;:&quot;Liste g\\u00e9n\\u00e9rale des produits&quot;,&quot;index&quot;:1,&quot;product_type&quot;:&quot;variable&quot;,&quot;item_brand&quot;:&quot;&quot;}\"><\/span><\/li><\/ul>\n<\/div>              <\/div>\n                              <\/div>\n        <div class=\"swiper-button-wrapper\">\n          <div class=\"swiper-button-prev\"><?xml version=\"1.0\"?>\n<svg xmlns=\"http:\/\/www.w3.org\/2000\/svg\" width=\"24\" height=\"24\" viewBox=\"0 0 24 24\" fill=\"none\" class=\"icon icon_arrow_left-icon \" aria-labelledby=\"retour-icon\" role=\"img\">\n<g clip-path=\"url(#clip0_11139_13198)\">\n<path d=\"M11 18.9999L4 11.9999L11 4.99992\" stroke=\"#0F1531\"\/>\n<path d=\"M4 12L21.25 12\" stroke=\"#0F1531\"\/>\n<\/g>\n<defs>\n<clipPath id=\"clip0_11139_13198\">\n<rect width=\"24\" height=\"24\" rx=\"12\" transform=\"matrix(-1 0 0 1 24 0)\" fill=\"white\"\/>\n<\/clipPath>\n<\/defs>\n<title id=\"retour-icon\">Retour<\/title><\/svg>\n<\/div>\n          <div class=\"swiper-button-next\"><?xml version=\"1.0\"?>\n<svg xmlns=\"http:\/\/www.w3.org\/2000\/svg\" width=\"24\" height=\"24\" viewBox=\"0 0 24 24\" fill=\"none\" class=\"icon icon_arrow_right-icon \" aria-labelledby=\"continuer-icon\" role=\"img\">\n<path d=\"M13 18.9999L20 11.9999L13 4.99992\" stroke=\"#0F1531\"\/>\n<path d=\"M20 12L2.75 12\" stroke=\"#0F1531\"\/>\n<title id=\"continuer-icon\">Continuer<\/title><\/svg>\n<\/div>\n        <\/div>\n      <\/div>\n\n    <\/div>\n  \n<\/div>","protected":false},"author":6,"comment_status":"open","ping_status":"closed","template":"","blog-taxonomies":[1020],"class_list":["post-208990","blog","type-blog","status-publish","hentry"],"acf":[],"yoast_head":"<!-- This site is optimized with the Yoast SEO Premium plugin v27.4 (Yoast SEO v27.5) - https:\/\/yoast.com\/product\/yoast-seo-premium-wordpress\/ -->\n<title>Les habitudes de sommeil en Suisse | BICO<\/title>\n<meta name=\"description\" content=\"Afin de pouvoir nous am\u00e9liorer en permanence, nous avons men\u00e9 une \u00e9tude sur le sommeil. Ses r\u00e9sultats sont passionnants.\" \/>\n<meta name=\"robots\" content=\"index, follow, max-snippet:-1, max-image-preview:large, max-video-preview:-1\" \/>\n<link rel=\"canonical\" href=\"https:\/\/bico.ch\/fr\/blog-du-sommeil\/les-habitudes-de-sommeil-en-suisse\/\" \/>\n<meta property=\"og:locale\" content=\"fr_FR\" \/>\n<meta property=\"og:type\" content=\"article\" \/>\n<meta property=\"og:title\" content=\"Les habitudes de sommeil en Suisse | BICO\" \/>\n<meta property=\"og:description\" content=\"Afin de pouvoir nous am\u00e9liorer en permanence, nous avons men\u00e9 une \u00e9tude sur le sommeil. Ses r\u00e9sultats sont passionnants.\" \/>\n<meta property=\"og:url\" content=\"https:\/\/bico.ch\/fr\/blog-du-sommeil\/les-habitudes-de-sommeil-en-suisse\/\" \/>\n<meta property=\"og:site_name\" content=\"BICO\" \/>\n<meta property=\"article:publisher\" content=\"https:\/\/www.facebook.com\/bicoswitzerland\" \/>\n<meta property=\"article:modified_time\" content=\"2025-03-27T15:38:00+00:00\" \/>\n<meta property=\"og:image\" content=\"https:\/\/bico.ch\/wp-content\/uploads\/2023\/02\/bico-webseite-schlafstudie-it-bild-4.png\" \/>\n\t<meta property=\"og:image:width\" content=\"1404\" \/>\n\t<meta property=\"og:image:height\" content=\"1404\" \/>\n\t<meta property=\"og:image:type\" content=\"image\/png\" \/>\n<script type=\"application\/ld+json\" class=\"yoast-schema-graph\">{\"@context\":\"https:\\\/\\\/schema.org\",\"@graph\":[{\"@type\":\"WebPage\",\"@id\":\"https:\\\/\\\/bico.ch\\\/fr\\\/blog-du-sommeil\\\/les-habitudes-de-sommeil-en-suisse\\\/\",\"url\":\"https:\\\/\\\/bico.ch\\\/fr\\\/blog-du-sommeil\\\/les-habitudes-de-sommeil-en-suisse\\\/\",\"name\":\"Les habitudes de sommeil en Suisse | BICO\",\"isPartOf\":{\"@id\":\"https:\\\/\\\/bico.ch\\\/fr\\\/#website\"},\"datePublished\":\"2021-09-24T14:09:13+00:00\",\"dateModified\":\"2025-03-27T15:38:00+00:00\",\"description\":\"Afin de pouvoir nous am\u00e9liorer en permanence, nous avons men\u00e9 une \u00e9tude sur le sommeil. Ses r\u00e9sultats sont passionnants.\",\"breadcrumb\":{\"@id\":\"https:\\\/\\\/bico.ch\\\/fr\\\/blog-du-sommeil\\\/les-habitudes-de-sommeil-en-suisse\\\/#breadcrumb\"},\"inLanguage\":\"fr-FR\",\"potentialAction\":[{\"@type\":\"ReadAction\",\"target\":[\"https:\\\/\\\/bico.ch\\\/fr\\\/blog-du-sommeil\\\/les-habitudes-de-sommeil-en-suisse\\\/\"]}]},{\"@type\":\"BreadcrumbList\",\"@id\":\"https:\\\/\\\/bico.ch\\\/fr\\\/blog-du-sommeil\\\/les-habitudes-de-sommeil-en-suisse\\\/#breadcrumb\",\"itemListElement\":[{\"@type\":\"ListItem\",\"position\":1,\"name\":\"Startseite\",\"item\":\"https:\\\/\\\/bico.ch\\\/fr\\\/\"},{\"@type\":\"ListItem\",\"position\":2,\"name\":\"Les habitudes de sommeil en Suisse\"}]},{\"@type\":\"WebSite\",\"@id\":\"https:\\\/\\\/bico.ch\\\/fr\\\/#website\",\"url\":\"https:\\\/\\\/bico.ch\\\/fr\\\/\",\"name\":\"BICO\",\"description\":\"F\u00fcr \u00e4 t\u00fc\u00fcf\u00e4 gsund\u00e4 Schlaaf.\u00ae\",\"publisher\":{\"@id\":\"https:\\\/\\\/bico.ch\\\/fr\\\/#organization\"},\"alternateName\":\"bico.ch\",\"potentialAction\":[{\"@type\":\"SearchAction\",\"target\":{\"@type\":\"EntryPoint\",\"urlTemplate\":\"https:\\\/\\\/bico.ch\\\/fr\\\/?s={search_term_string}\"},\"query-input\":{\"@type\":\"PropertyValueSpecification\",\"valueRequired\":true,\"valueName\":\"search_term_string\"}}],\"inLanguage\":\"fr-FR\"},{\"@type\":\"Organization\",\"@id\":\"https:\\\/\\\/bico.ch\\\/fr\\\/#organization\",\"name\":\"BICO\",\"url\":\"https:\\\/\\\/bico.ch\\\/fr\\\/\",\"logo\":{\"@type\":\"ImageObject\",\"inLanguage\":\"fr-FR\",\"@id\":\"https:\\\/\\\/bico.ch\\\/fr\\\/#\\\/schema\\\/logo\\\/image\\\/\",\"url\":\"https:\\\/\\\/bico.ch\\\/wp-content\\\/uploads\\\/2022\\\/11\\\/BICO_Logo_Black-e1667997604131.png\",\"contentUrl\":\"https:\\\/\\\/bico.ch\\\/wp-content\\\/uploads\\\/2022\\\/11\\\/BICO_Logo_Black-e1667997604131.png\",\"width\":2481,\"height\":1754,\"caption\":\"BICO\"},\"image\":{\"@id\":\"https:\\\/\\\/bico.ch\\\/fr\\\/#\\\/schema\\\/logo\\\/image\\\/\"},\"sameAs\":[\"https:\\\/\\\/www.facebook.com\\\/bicoswitzerland\",\"https:\\\/\\\/www.instagram.com\\\/bicoswitzerland\\\/\",\"https:\\\/\\\/www.youtube.com\\\/channel\\\/UCnyVAqYqj5XdkWKWY5CFJ3A\",\"https:\\\/\\\/www.linkedin.com\\\/showcase\\\/bicoswitzerland\\\/\"]}]}<\/script>\n<!-- \/ Yoast SEO Premium plugin. -->","yoast_head_json":{"title":"Les habitudes de sommeil en Suisse | BICO","description":"Afin de pouvoir nous am\u00e9liorer en permanence, nous avons men\u00e9 une \u00e9tude sur le sommeil. Ses r\u00e9sultats sont passionnants.","robots":{"index":"index","follow":"follow","max-snippet":"max-snippet:-1","max-image-preview":"max-image-preview:large","max-video-preview":"max-video-preview:-1"},"canonical":"https:\/\/bico.ch\/fr\/blog-du-sommeil\/les-habitudes-de-sommeil-en-suisse\/","og_locale":"fr_FR","og_type":"article","og_title":"Les habitudes de sommeil en Suisse | BICO","og_description":"Afin de pouvoir nous am\u00e9liorer en permanence, nous avons men\u00e9 une \u00e9tude sur le sommeil. Ses r\u00e9sultats sont passionnants.","og_url":"https:\/\/bico.ch\/fr\/blog-du-sommeil\/les-habitudes-de-sommeil-en-suisse\/","og_site_name":"BICO","article_publisher":"https:\/\/www.facebook.com\/bicoswitzerland","article_modified_time":"2025-03-27T15:38:00+00:00","og_image":[{"width":1404,"height":1404,"url":"https:\/\/bico.ch\/wp-content\/uploads\/2023\/02\/bico-webseite-schlafstudie-it-bild-4.png","type":"image\/png"}],"schema":{"@context":"https:\/\/schema.org","@graph":[{"@type":"WebPage","@id":"https:\/\/bico.ch\/fr\/blog-du-sommeil\/les-habitudes-de-sommeil-en-suisse\/","url":"https:\/\/bico.ch\/fr\/blog-du-sommeil\/les-habitudes-de-sommeil-en-suisse\/","name":"Les habitudes de sommeil en Suisse | BICO","isPartOf":{"@id":"https:\/\/bico.ch\/fr\/#website"},"datePublished":"2021-09-24T14:09:13+00:00","dateModified":"2025-03-27T15:38:00+00:00","description":"Afin de pouvoir nous am\u00e9liorer en permanence, nous avons men\u00e9 une \u00e9tude sur le sommeil. Ses r\u00e9sultats sont passionnants.","breadcrumb":{"@id":"https:\/\/bico.ch\/fr\/blog-du-sommeil\/les-habitudes-de-sommeil-en-suisse\/#breadcrumb"},"inLanguage":"fr-FR","potentialAction":[{"@type":"ReadAction","target":["https:\/\/bico.ch\/fr\/blog-du-sommeil\/les-habitudes-de-sommeil-en-suisse\/"]}]},{"@type":"BreadcrumbList","@id":"https:\/\/bico.ch\/fr\/blog-du-sommeil\/les-habitudes-de-sommeil-en-suisse\/#breadcrumb","itemListElement":[{"@type":"ListItem","position":1,"name":"Startseite","item":"https:\/\/bico.ch\/fr\/"},{"@type":"ListItem","position":2,"name":"Les habitudes de sommeil en Suisse"}]},{"@type":"WebSite","@id":"https:\/\/bico.ch\/fr\/#website","url":"https:\/\/bico.ch\/fr\/","name":"BICO","description":"F\u00fcr \u00e4 t\u00fc\u00fcf\u00e4 gsund\u00e4 Schlaaf.\u00ae","publisher":{"@id":"https:\/\/bico.ch\/fr\/#organization"},"alternateName":"bico.ch","potentialAction":[{"@type":"SearchAction","target":{"@type":"EntryPoint","urlTemplate":"https:\/\/bico.ch\/fr\/?s={search_term_string}"},"query-input":{"@type":"PropertyValueSpecification","valueRequired":true,"valueName":"search_term_string"}}],"inLanguage":"fr-FR"},{"@type":"Organization","@id":"https:\/\/bico.ch\/fr\/#organization","name":"BICO","url":"https:\/\/bico.ch\/fr\/","logo":{"@type":"ImageObject","inLanguage":"fr-FR","@id":"https:\/\/bico.ch\/fr\/#\/schema\/logo\/image\/","url":"https:\/\/bico.ch\/wp-content\/uploads\/2022\/11\/BICO_Logo_Black-e1667997604131.png","contentUrl":"https:\/\/bico.ch\/wp-content\/uploads\/2022\/11\/BICO_Logo_Black-e1667997604131.png","width":2481,"height":1754,"caption":"BICO"},"image":{"@id":"https:\/\/bico.ch\/fr\/#\/schema\/logo\/image\/"},"sameAs":["https:\/\/www.facebook.com\/bicoswitzerland","https:\/\/www.instagram.com\/bicoswitzerland\/","https:\/\/www.youtube.com\/channel\/UCnyVAqYqj5XdkWKWY5CFJ3A","https:\/\/www.linkedin.com\/showcase\/bicoswitzerland\/"]}]}},"_links":{"self":[{"href":"https:\/\/bico.ch\/fr\/wp-json\/wp\/v2\/blog\/208990","targetHints":{"allow":["GET"]}}],"collection":[{"href":"https:\/\/bico.ch\/fr\/wp-json\/wp\/v2\/blog"}],"about":[{"href":"https:\/\/bico.ch\/fr\/wp-json\/wp\/v2\/types\/blog"}],"author":[{"embeddable":true,"href":"https:\/\/bico.ch\/fr\/wp-json\/wp\/v2\/users\/6"}],"replies":[{"embeddable":true,"href":"https:\/\/bico.ch\/fr\/wp-json\/wp\/v2\/comments?post=208990"}],"version-history":[{"count":1,"href":"https:\/\/bico.ch\/fr\/wp-json\/wp\/v2\/blog\/208990\/revisions"}],"predecessor-version":[{"id":512700,"href":"https:\/\/bico.ch\/fr\/wp-json\/wp\/v2\/blog\/208990\/revisions\/512700"}],"wp:attachment":[{"href":"https:\/\/bico.ch\/fr\/wp-json\/wp\/v2\/media?parent=208990"}],"wp:term":[{"taxonomy":"blog-taxonomies","embeddable":true,"href":"https:\/\/bico.ch\/fr\/wp-json\/wp\/v2\/blog-taxonomies?post=208990"}],"curies":[{"name":"wp","href":"https:\/\/api.w.org\/{rel}","templated":true}]}}