{"id":215798,"date":"2020-02-04T10:42:20","date_gmt":"2020-02-04T09:42:20","guid":{"rendered":"https:\/\/bico.ch\/?post_type=blog&#038;p=215798"},"modified":"2024-11-21T16:16:13","modified_gmt":"2024-11-21T15:16:13","slug":"de-la-suisse-pour-la-suisse","status":"publish","type":"blog","link":"https:\/\/bico.ch\/fr\/blog-du-sommeil\/de-la-suisse-pour-la-suisse\/","title":{"rendered":"De la Suisse pour la Suisse"},"content":{"rendered":"\n<div id=\"lead-text-block_00cfbf254469d5ee20b42aa52aca9288\" class=\"lead-text \n mt-medium mb-medium\">\n      <div class=\"container\">\n      <div class=\"row\">\n        <div class=\"offset-xl-2 col-xl-8\">\n\n          \n          \n          \n                      <div class=\"wysiwyg text text-center \">\n              <p>BICO est une marque suisse, de bout en bout. Depuis pr\u00e8s de 160 ans, elle fabrique des solutions de sommeil innovantes sur son propre site. Elle collabore avec des partenaires de toute la Suisse depuis des d\u00e9cennies, pour se montrer v\u00e9ritablement \u00e0 la hauteur de sa promesse de qualit\u00e9. Fid\u00e8le \u00e0 la devise: de la Suisse pour la Suisse.<\/p>\n            <\/div>\n          \n        <\/div>\n      <\/div>\n    <\/div>\n  <\/div>\n\n\n<div id=\"anker-leiste-block_68d86af6c4bdae3956fca4be0a7336f3\" class=\"anker-leiste \n mt-medium variante-2\">\n\n      <div class=\"container\">\n      <div class=\"row justify-content-center\">\n\n                  <div class=\"col-xxl-10\">\n            <div class=\"row gx-xl-5\">\n                              <div class=\"col-md-6 col-xl-4 anchor-item-wrapper d-flex\">\n                  <a class=\"anchor-item text-500\" href=\"#mouton\">\n                    <span>Le mouton des Alpes suisses ou pourquoi BICO mise sur Swisswool<\/span>\n                    <i class=\"fak fa-icon-anchorlink\"><\/i>\n                  <\/a>\n                <\/div>\n                              <div class=\"col-md-6 col-xl-4 anchor-item-wrapper d-flex\">\n                  <a class=\"anchor-item text-500\" href=\"#bois\">\n                    <span>\u00c0 quelque chose malheur est bon ou comment BICO s\u2019est tourn\u00e9e vers un nouveau producteur de bois<\/span>\n                    <i class=\"fak fa-icon-anchorlink\"><\/i>\n                  <\/a>\n                <\/div>\n                              <div class=\"col-md-6 col-xl-4 anchor-item-wrapper d-flex\">\n                  <a class=\"anchor-item text-500\" href=\"#tissus\">\n                    <span>Tissus de Suisse orientale ou ce que BICO et Tisca ont en commun<\/span>\n                    <i class=\"fak fa-icon-anchorlink\"><\/i>\n                  <\/a>\n                <\/div>\n                              <div class=\"col-md-6 col-xl-4 anchor-item-wrapper d-flex\">\n                  <a class=\"anchor-item text-500\" href=\"#mousse\">\n                    <span>Mousse de Wolfhausen ou pourquoi BICO emploie la mousse froide Nauer<\/span>\n                    <i class=\"fak fa-icon-anchorlink\"><\/i>\n                  <\/a>\n                <\/div>\n                          <\/div>\n          <\/div>\n        \n\n      <\/div>\n    <\/div>\n  \n<\/div>\n\n\n<div id=\"mouton\" class=\"titel-text \n mt-medium\">\n\n      <div class=\"container\">\n\n      <div class=\"row justify-content-center\">\n        <div class=\"col-md-8 col-xl-6\">\n                      <h3 class=\"h2   \">\n              Le mouton des Alpes suisses ou pourquoi BICO mise sur Swisswool            <\/h3>\n                                                    <div class=\"wysiwyg text  \">\n              <p>Br\u00fbler ou jeter des tonnes de <a href=\"https:\/\/bico.ch\/fr\/blog-du-sommeil\/offrez-vous-du-mouton-suisse-pour-dormir\/\">laine vierge de moutons des Alpes suisses<\/a>? Ce qui semble aujourd\u2019hui inconcevable \u00e9tait pourtant une r\u00e9alit\u00e9 il y a une dizaine d\u2019ann\u00e9es. La laine vierge de moutons suisses ne suscitait gu\u00e8re d\u2019int\u00e9r\u00eat, on pr\u00e9f\u00e9rait importer de la laine bon march\u00e9 de l\u2019\u00e9tranger. Mais Swisswool voyait les choses diff\u00e9remment: l\u2019entreprise soutient les paysans des montagnes suisses et leurs moutons. BICO, qui conna\u00eet bien les qualit\u00e9s naturelles de la laine, qu\u2019aucun mat\u00e9riau synth\u00e9tique ne parvient \u00e0 \u00e9galer, transforme chaque ann\u00e9e quelque 42 tonnes de laine suisse en rembourrages de matelas et de lits boxspring depuis le d\u00e9but de l\u2019initiative. Des milliers de Suisses dorment donc sur une mati\u00e8re premi\u00e8re naturelle, durable, mais aussi 100% biod\u00e9gradable, qui r\u00e9gule l\u2019humidit\u00e9 et neutralise les odeurs ainsi que les substances nocives.<\/p>\n<p>&nbsp;<\/p>\n<p><img loading=\"lazy\" decoding=\"async\" class=\"aligncenter wp-image-5269 size-full\" src=\"https:\/\/bico.ch\/wp-content\/uploads\/2022\/10\/bico-aus-der-schweiz-fuer-die-schweiz-5.jpg\" alt=\"BICO Schweizer Alpenschaf \" width=\"1000\" height=\"667\" srcset=\"https:\/\/bico.ch\/wp-content\/uploads\/2022\/10\/bico-aus-der-schweiz-fuer-die-schweiz-5.webp 1000w, https:\/\/bico.ch\/wp-content\/uploads\/2022\/10\/bico-aus-der-schweiz-fuer-die-schweiz-5-300x200.webp 300w, https:\/\/bico.ch\/wp-content\/uploads\/2022\/10\/bico-aus-der-schweiz-fuer-die-schweiz-5-768x512.webp 768w, https:\/\/bico.ch\/wp-content\/uploads\/2022\/10\/bico-aus-der-schweiz-fuer-die-schweiz-5-600x400.webp 600w\" sizes=\"auto, (max-width: 1000px) 100vw, 1000px\" \/><\/p>\n            <\/div>\n                            <\/div>\n      <\/div>\n    <\/div>\n  <\/div>\n\n\n<div id=\"bois\" class=\"titel-text \n mt-medium\">\n\n      <div class=\"container\">\n\n      <div class=\"row justify-content-center\">\n        <div class=\"col-md-8 col-xl-6\">\n                      <h3 class=\"h2   \">\n              \u00c0 quelque chose malheur est bon ou comment BICO s\u2019est tourn\u00e9e vers un nouveau producteur de bois            <\/h3>\n                                                    <div class=\"wysiwyg text  \">\n              <p>Lorsqu\u2019un incendie a d\u00e9truit la division bois interne de BICO, il \u00e9tait clair que von Rickenbach pouvait fournir les composants en bois massif n\u00e9cessaires. Comme l\u2019entreprise familiale de la vall\u00e9e de la Muota r\u00e9pondait aux strictes exigences de durabilit\u00e9, de qualit\u00e9 et de minutie de BICO, les deux soci\u00e9t\u00e9s ont instaur\u00e9 une coop\u00e9ration \u00e0 long terme. Aujourd\u2019hui encore, le sp\u00e9cialiste schwytzois du bois fournit du bois massif pour une grande vari\u00e9t\u00e9 d\u2019\u00e9l\u00e9ments, ainsi que de l\u2019inspiration pour des innovations suppl\u00e9mentaires. BICO attache une grande importance \u00e0 la qualit\u00e9 de ses produits et veille \u00e0 ce que son bois provienne de for\u00eats g\u00e9r\u00e9es de mani\u00e8re durable. C\u2019est pourquoi elle se fournit aupr\u00e8s de von Rickenbach, le leader technologique suisse dans le domaine de la transformation du bois massif, pour les composants de ses lits boxspring. Pour que ses clients puissent dormir la conscience tranquille.<\/p>\n<p><img loading=\"lazy\" decoding=\"async\" class=\"aligncenter wp-image-5266 size-full\" src=\"https:\/\/bico.ch\/wp-content\/uploads\/2022\/10\/bico-aus-der-schweiz-fuer-die-schweiz-4.jpg\" alt=\"BICO Holzproduzenten \" width=\"1000\" height=\"667\" srcset=\"https:\/\/bico.ch\/wp-content\/uploads\/2022\/10\/bico-aus-der-schweiz-fuer-die-schweiz-4.webp 1000w, https:\/\/bico.ch\/wp-content\/uploads\/2022\/10\/bico-aus-der-schweiz-fuer-die-schweiz-4-300x200.webp 300w, https:\/\/bico.ch\/wp-content\/uploads\/2022\/10\/bico-aus-der-schweiz-fuer-die-schweiz-4-768x512.webp 768w, https:\/\/bico.ch\/wp-content\/uploads\/2022\/10\/bico-aus-der-schweiz-fuer-die-schweiz-4-600x400.webp 600w\" sizes=\"auto, (max-width: 1000px) 100vw, 1000px\" \/><\/p>\n            <\/div>\n                            <\/div>\n      <\/div>\n    <\/div>\n  <\/div>\n\n\n<div id=\"tissus\" class=\"titel-text \n mt-medium\">\n\n      <div class=\"container\">\n\n      <div class=\"row justify-content-center\">\n        <div class=\"col-md-8 col-xl-6\">\n                      <h3 class=\"h2   \">\n              Tissus de Suisse orientale ou ce que BICO et Tisca ont en commun            <\/h3>\n                                                    <div class=\"wysiwyg text  \">\n              <p>L\u2019industrie textile de Suisse orientale constitue un chapitre important de l\u2019histoire des exportations suisses. Pendant des si\u00e8cles, des familles ont v\u00e9cu du commerce et de la production de tissus. Aujourd\u2019hui, il ne reste plus que quelques usines de tissage en Suisse. Tisca, une entreprise familiale et ind\u00e9pendante du pays d\u2019Appenzell, est l\u2019une d\u2019elles. \u00c0 l\u2019instar de BICO, elle se distingue par la qualit\u00e9 et la long\u00e9vit\u00e9 de ses produits. De m\u00eame que le fabricant de matelas v\u00e9rifie et optimise en permanence la qualit\u00e9 de ceux-ci dans son SleepLab, Tisca effectue ses contr\u00f4les de production dans son laboratoire interne. Si les deux entreprises suisses s\u2019accordent si bien, c\u2019est sans doute parce qu\u2019elles ont toutes deux choisi de faire passer la qualit\u00e9 avant la quantit\u00e9. Et la client\u00e8le le sent: la qualit\u00e9 \u00e9lev\u00e9e des tissus Tisca est perceptible au toucher et souligne encore la long\u00e9vit\u00e9 des produits BICO.<br \/>\n&nbsp;<\/p>\n<p><img loading=\"lazy\" decoding=\"async\" class=\"aligncenter wp-image-5263 size-full\" src=\"https:\/\/bico.ch\/wp-content\/uploads\/2022\/10\/bico-aus-der-schweiz-fuer-die-schweiz-3.jpg\" alt=\"BICO und Tisca gemeinsam \" width=\"1000\" height=\"667\" srcset=\"https:\/\/bico.ch\/wp-content\/uploads\/2022\/10\/bico-aus-der-schweiz-fuer-die-schweiz-3.webp 1000w, https:\/\/bico.ch\/wp-content\/uploads\/2022\/10\/bico-aus-der-schweiz-fuer-die-schweiz-3-300x200.webp 300w, https:\/\/bico.ch\/wp-content\/uploads\/2022\/10\/bico-aus-der-schweiz-fuer-die-schweiz-3-768x512.webp 768w, https:\/\/bico.ch\/wp-content\/uploads\/2022\/10\/bico-aus-der-schweiz-fuer-die-schweiz-3-600x400.webp 600w\" sizes=\"auto, (max-width: 1000px) 100vw, 1000px\" \/><\/p>\n            <\/div>\n                            <\/div>\n      <\/div>\n    <\/div>\n  <\/div>\n\n\n<div id=\"mousse\" class=\"titel-text \n mt-medium\">\n\n      <div class=\"container\">\n\n      <div class=\"row justify-content-center\">\n        <div class=\"col-md-8 col-xl-6\">\n                      <h3 class=\"h2   \">\n              Mousse de Wolfhausen ou pourquoi BICO emploie la mousse froide Nauer            <\/h3>\n                                                    <div class=\"wysiwyg text  \">\n              <p>Chez Fritz Nauer AG, la production ax\u00e9e sur le client est une r\u00e9alit\u00e9 v\u00e9cue. Lors de tous ses d\u00e9veloppements de produits, le fabricant de mousse s\u2019int\u00e9resse en priorit\u00e9 \u00e0 l\u2019utilisateur final, tout comme BICO. C\u2019est sans doute pour cela que la collaboration fonctionne si bien depuis pr\u00e8s de 60 ans. Un autre \u00e9l\u00e9ment t\u00e9moigne de l\u2019harmonie qui r\u00e8gne entre Nauer et BICO: conjointement avec BICO, le fabricant de mousse a con\u00e7u des noyaux de matelas haut de gamme. Le mat\u00e9riau est environ 40% plus r\u00e9sistant que la mousse conventionnelle, tout en \u00e9tant presque deux fois moins gourmand en mati\u00e8res premi\u00e8res. Ind\u00e9pendamment de cela, BICO utilise de la mousse parce qu\u2019elle permet un \u00e9quilibre optimal de la temp\u00e9rature, est ultra-performante en termes d\u2019hygi\u00e8ne et peut \u00eatre adapt\u00e9e au millim\u00e8tre pour une position allong\u00e9e ergonomique. Cela tient au fait que la mousse peut \u00eatre d\u00e9clin\u00e9e en diff\u00e9rentes qualit\u00e9s, constructions et coupes, donc d\u00e9velopp\u00e9e sp\u00e9cifiquement en fonction des exigences respectives. Quiconque poss\u00e8de un matelas BICO dort sur de la mousse froide Nauer et b\u00e9n\u00e9ficie par cons\u00e9quent d\u2019une excellente adaptation au corps, d\u2019une hygi\u00e8ne de lit optimale, ainsi que d\u2019un soutien et d\u2019une long\u00e9vit\u00e9 \u00e9lev\u00e9s.<\/p>\n<p>&nbsp;<\/p>\n<p><img loading=\"lazy\" decoding=\"async\" class=\"aligncenter wp-image-5260 size-full\" src=\"https:\/\/bico.ch\/wp-content\/uploads\/2022\/10\/bico-aus-der-schweiz-fuer-die-schweiz-2.jpg\" alt=\"BICO Nauer\u2019s Kaltschaum \" width=\"1000\" height=\"667\" srcset=\"https:\/\/bico.ch\/wp-content\/uploads\/2022\/10\/bico-aus-der-schweiz-fuer-die-schweiz-2.webp 1000w, https:\/\/bico.ch\/wp-content\/uploads\/2022\/10\/bico-aus-der-schweiz-fuer-die-schweiz-2-300x200.webp 300w, https:\/\/bico.ch\/wp-content\/uploads\/2022\/10\/bico-aus-der-schweiz-fuer-die-schweiz-2-768x512.webp 768w, https:\/\/bico.ch\/wp-content\/uploads\/2022\/10\/bico-aus-der-schweiz-fuer-die-schweiz-2-600x400.webp 600w\" sizes=\"auto, (max-width: 1000px) 100vw, 1000px\" \/><\/p>\n<p>De la vall\u00e9e de la Muota, de Wolfhausen, de Suisse orientale ou des Alpes suisses, tous les producteurs mettent l\u2019accent sur la qualit\u00e9 et partagent la m\u00eame passion pour les produits d\u2019exception. Plus rien ne s\u2019oppose donc \u00e0 <a href=\"https:\/\/bico.ch\/fr\/blog-du-sommeil\/good-nights-sleeplab-recherche-innovante-au-service-du-meilleur-sommeil\/\">un sommeil sain et profond<\/a>.<\/p>\n            <\/div>\n                            <\/div>\n      <\/div>\n    <\/div>\n  <\/div>\n\n\n<div id=\"produktempfehlungen-block_8d7d6009d403260cb5c05fb5da2871c8\" class=\"produktempfehlungen \n mt-medium mb-medium\">\n\n      <div class=\"container\">\n\n              <div class=\"row\">\n          <div class=\"col-12\">\n            <h2 class=\"h2 large\">Recommand\u00e9 pour vous<\/h2>\n          <\/div>\n        <\/div>\n      \n      <div class=\"swiper produktempfehlungen-swiper\">\n        <div class=\"swiper-wrapper\">\n                                    <div class=\"swiper-slide\">\n                <div class=\"woocommerce \"><ul class=\"products columns-4\">\n<li class=\"product type-product post-109379 status-publish first instock product_cat-lits-boxspring product_tag-topper-gratuit has-post-thumbnail taxable shipping-taxable purchasable product-type-variable has-default-attributes\">\n\t<div class=\"tags-wrapper\">\n\t\t\n\t\t\t\t\t\t\t\t\t<span class=\"tag-item default\">\n\t\t\t\t\tTOPPER GRATUIT\t\t\t\t<\/span>\n\t\t\t\t\t\t<\/div>\n\n\t<a href=\"https:\/\/bico.ch\/fr\/produit\/lit-boxspring-simplon\/\" class=\"woocommerce-LoopProduct-link woocommerce-loop-product__link\"><div class=\"thumbnail-wrapper\"><img decoding=\"async\" loading=\"lazy\" width=\"600\" height=\"400\" src=\"https:\/\/bico.ch\/wp-content\/uploads\/2023\/07\/01-bico-boxspringbett-simplon-diva-600x400.webp\" class=\"attachment-woocommerce_thumbnail size-woocommerce_thumbnail\" alt=\"Boxspring BICO Simplon\" \/><img decoding=\"async\" loading=\"lazy\" src=\"https:\/\/bico.ch\/wp-content\/uploads\/2024\/11\/header-bico-boxspringbett-simplon-lp-retargeting-sales-aspect-ratio-1920-1080-aspect-ratio-448-340.webp\" alt=\"\" class=\"img-fluid attachment-woocommerce_thumbnail-overlay\" \/><\/div><h2 class=\"woocommerce-loop-product__title\">Boxspring BICO Simplon<\/h2>\n\n\t\t\t<div class=\"woocommerce-loop-product__lead\">\n\t\t\tLit boxspring \u00e9l\u00e9gant pour les amateurs de design classique.\t\t<\/div>\n\t\n\n\t\n\t<div class=\"price-wrapper\">\n\t\t<span class=\"price\">\n\t\t\t\t\t\t\t\t\t\t\t\t\u00e0 partir de CHF 7&rsquo;490.00\t\t\t\t\t\t\t\t\t<\/span>\n\n\t<\/div>\n\n<\/a><span class=\"gtm4wp_productdata\" style=\"display:none; visibility:hidden;\" data-gtm4wp_product_data=\"{&quot;internal_id&quot;:109379,&quot;item_id&quot;:&quot;HBSIMPLON&quot;,&quot;item_name&quot;:&quot;Boxspring BICO Simplon&quot;,&quot;sku&quot;:&quot;HBSIMPLON&quot;,&quot;price&quot;:7490,&quot;stocklevel&quot;:null,&quot;stockstatus&quot;:&quot;instock&quot;,&quot;google_business_vertical&quot;:&quot;retail&quot;,&quot;item_category&quot;:&quot;Lits boxspring&quot;,&quot;id&quot;:&quot;HBSIMPLON&quot;,&quot;productlink&quot;:&quot;https:\\\/\\\/bico.ch\\\/fr\\\/produit\\\/lit-boxspring-simplon\\\/&quot;,&quot;item_list_name&quot;:&quot;Liste g\\u00e9n\\u00e9rale des produits&quot;,&quot;index&quot;:1,&quot;product_type&quot;:&quot;variable&quot;,&quot;item_brand&quot;:&quot;&quot;}\"><\/span><\/li><\/ul>\n<\/div>              <\/div>\n                                                <div class=\"swiper-slide\">\n                <div class=\"woocommerce \"><ul class=\"products columns-4\">\n<li class=\"product type-product post-50085 status-publish first instock product_cat-matelas-et-surmatelas product_tag-populaire has-post-thumbnail taxable shipping-taxable purchasable product-type-variable has-default-attributes\">\n\t<div class=\"tags-wrapper\">\n\t\t\n\t\t\t\t\t\t\t\t\t<span class=\"tag-item default\">\n\t\t\t\t\tPOPULAIRE\t\t\t\t<\/span>\n\t\t\t\t\t\t<\/div>\n\n\t<a href=\"https:\/\/bico.ch\/fr\/produit\/matelas-climafine\/\" class=\"woocommerce-LoopProduct-link woocommerce-loop-product__link\"><div class=\"thumbnail-wrapper\"><img decoding=\"async\" loading=\"lazy\" width=\"600\" height=\"400\" src=\"https:\/\/bico.ch\/wp-content\/uploads\/2022\/10\/01-bico-matratze-climafine-cut-2-600x400.webp\" class=\"attachment-woocommerce_thumbnail size-woocommerce_thumbnail\" alt=\"BICO Matratze Climafine h1247 Aufbau Matratzenkern bietet in den verschiedenen Koerperzonen die bestmoegliche Stuetzung und Druckentlastung fuer einen gesunden Schlaf\" \/><img decoding=\"async\" loading=\"lazy\" src=\"https:\/\/bico.ch\/wp-content\/uploads\/2024\/10\/03-bico-matratze-climafine-h1247-aspect-ratio-448-340.webp\" alt=\"BICO Matratze Climafine h1247 auf Bettgestell mit Duvet\" class=\"img-fluid attachment-woocommerce_thumbnail-overlay\" \/><\/div><h2 class=\"woocommerce-loop-product__title\">ClimaFine<\/h2>\n\n\t\t\t<div class=\"woocommerce-loop-product__lead\">\n\t\t\tLe top des matelas climatis\u00e9s, excellent climat de lit et soutien du corps.\t\t<\/div>\n\t\n\n\t\n\t<div class=\"price-wrapper\">\n\t\t<span class=\"price\">\n\t\t\t\t\t\t\t\t\t\t\t\t\u00e0 partir de CHF 2&rsquo;590.00\t\t\t\t\t\t\t\t\t<\/span>\n\n\t<\/div>\n\n<\/a><span class=\"gtm4wp_productdata\" style=\"display:none; visibility:hidden;\" data-gtm4wp_product_data=\"{&quot;internal_id&quot;:50085,&quot;item_id&quot;:&quot;H1247&quot;,&quot;item_name&quot;:&quot;ClimaFine&quot;,&quot;sku&quot;:&quot;H1247&quot;,&quot;price&quot;:2590,&quot;stocklevel&quot;:null,&quot;stockstatus&quot;:&quot;instock&quot;,&quot;google_business_vertical&quot;:&quot;retail&quot;,&quot;item_category&quot;:&quot;Matelas &amp; surmatelas&quot;,&quot;id&quot;:&quot;H1247&quot;,&quot;productlink&quot;:&quot;https:\\\/\\\/bico.ch\\\/fr\\\/produit\\\/matelas-climafine\\\/&quot;,&quot;item_list_name&quot;:&quot;Liste g\\u00e9n\\u00e9rale des produits&quot;,&quot;index&quot;:1,&quot;product_type&quot;:&quot;variable&quot;,&quot;item_brand&quot;:&quot;&quot;}\"><\/span><\/li><\/ul>\n<\/div>              <\/div>\n                                                <div class=\"swiper-slide\">\n                <div class=\"woocommerce \"><ul class=\"products columns-4\">\n<li class=\"product type-product post-51076 status-publish first instock product_cat-sommiers product_tag-prime has-post-thumbnail taxable shipping-taxable purchasable product-type-variable has-default-attributes\">\n\t<div class=\"tags-wrapper\">\n\t\t\n\t\t\t\t\t\t\t\t\t<span class=\"tag-item default\">\n\t\t\t\t\tPRIM\u00c9\t\t\t\t<\/span>\n\t\t\t\t\t\t<\/div>\n\n\t<a href=\"https:\/\/bico.ch\/fr\/produit\/sommier-bico-flex-a\/\" class=\"woocommerce-LoopProduct-link woocommerce-loop-product__link\"><div class=\"thumbnail-wrapper\"><img decoding=\"async\" loading=\"lazy\" width=\"600\" height=\"400\" src=\"https:\/\/bico.ch\/wp-content\/uploads\/2022\/10\/01-bico-flex-a-lattenrost-cut-600x400.webp\" class=\"attachment-woocommerce_thumbnail size-woocommerce_thumbnail\" alt=\"BICO Flex Lattenrost mit Kopfhochlagerung\" \/><img decoding=\"async\" loading=\"lazy\" src=\"https:\/\/bico.ch\/wp-content\/uploads\/2024\/10\/03-bico-flex-a-lattenrost-h2119-ausschnitt-aspect-ratio-448-340.webp\" alt=\"bico-flex A Lattenrost Ausschnitt\" class=\"img-fluid attachment-woocommerce_thumbnail-overlay\" \/><\/div><h2 class=\"woocommerce-loop-product__title\">bico-flex A<\/h2>\n\n\t\t\t<div class=\"woocommerce-loop-product__lead\">\n\t\t\tSommier \u00e0 lattes innovant: le top du soulagement des \u00e9paules et de l\u2019adaptation au corps.\t\t<\/div>\n\t\n\n\t<div class=\"star-rating\" role=\"img\" aria-label=\"Note 4.5 sur 5\"><span style=\"width:90%\">Note <strong class=\"rating\">4.5<\/strong> sur 5<\/span><\/div>\n\t<div class=\"price-wrapper\">\n\t\t<span class=\"price\">\n\t\t\t\t\t\t\t\t\t\t\t\t\u00e0 partir de CHF 1&rsquo;040.00\t\t\t\t\t\t\t\t\t<\/span>\n\n\t<\/div>\n\n<\/a><span class=\"gtm4wp_productdata\" style=\"display:none; visibility:hidden;\" data-gtm4wp_product_data=\"{&quot;internal_id&quot;:51076,&quot;item_id&quot;:&quot;H2119&quot;,&quot;item_name&quot;:&quot;bico-flex A&quot;,&quot;sku&quot;:&quot;H2119&quot;,&quot;price&quot;:1040,&quot;stocklevel&quot;:null,&quot;stockstatus&quot;:&quot;instock&quot;,&quot;google_business_vertical&quot;:&quot;retail&quot;,&quot;item_category&quot;:&quot;Sommiers&quot;,&quot;id&quot;:&quot;H2119&quot;,&quot;productlink&quot;:&quot;https:\\\/\\\/bico.ch\\\/fr\\\/produit\\\/sommier-bico-flex-a\\\/&quot;,&quot;item_list_name&quot;:&quot;Liste g\\u00e9n\\u00e9rale des produits&quot;,&quot;index&quot;:1,&quot;product_type&quot;:&quot;variable&quot;,&quot;item_brand&quot;:&quot;&quot;}\"><\/span><\/li><\/ul>\n<\/div>              <\/div>\n                                                <div class=\"swiper-slide\">\n                <div class=\"woocommerce \"><ul class=\"products columns-4\">\n<li class=\"product type-product post-50776 status-publish first instock product_cat-matelas-et-surmatelas has-post-thumbnail taxable shipping-taxable purchasable product-type-variable has-default-attributes\">\n\t<div class=\"tags-wrapper\">\n\t\t\n\t\t\t<\/div>\n\n\t<a href=\"https:\/\/bico.ch\/fr\/produit\/matelas-baby-elastica\/\" class=\"woocommerce-LoopProduct-link woocommerce-loop-product__link\"><div class=\"thumbnail-wrapper\"><img decoding=\"async\" loading=\"lazy\" width=\"600\" height=\"400\" src=\"https:\/\/bico.ch\/wp-content\/uploads\/2022\/11\/01-bico-matratze-baby-elastica-cut-600x400.webp\" class=\"attachment-woocommerce_thumbnail size-woocommerce_thumbnail\" alt=\"BICO Matratze Baby Elastica h1099 Matratze Aufbau druckentlastende Liegezonen sorgen fuer ein besonders komfortables Liegegefuel\" \/><img decoding=\"async\" loading=\"lazy\" src=\"https:\/\/bico.ch\/wp-content\/uploads\/2024\/10\/03-bico-matratze-baby-elastica-h1099-neu-aspect-ratio-448-340.webp\" alt=\"\" class=\"img-fluid attachment-woocommerce_thumbnail-overlay\" \/><\/div><h2 class=\"woocommerce-loop-product__title\">Baby Elastica<\/h2>\n\n\t\t\t<div class=\"woocommerce-loop-product__lead\">\n\t\t\tMatelas b\u00e9b\u00e9 confortable, qui soulage la pression, \u00e0 surface de couchage r\u00e9versible.\t\t<\/div>\n\t\n\n\t\n\t<div class=\"price-wrapper\">\n\t\t<span class=\"price\">\n\t\t\t\t\t\t\t\t\t\t\t\t\u00e0 partir de CHF 310.00\t\t\t\t\t\t\t\t\t<\/span>\n\n\t<\/div>\n\n<\/a><span class=\"gtm4wp_productdata\" style=\"display:none; visibility:hidden;\" data-gtm4wp_product_data=\"{&quot;internal_id&quot;:50776,&quot;item_id&quot;:&quot;H1099&quot;,&quot;item_name&quot;:&quot;Baby Elastica&quot;,&quot;sku&quot;:&quot;H1099&quot;,&quot;price&quot;:310,&quot;stocklevel&quot;:null,&quot;stockstatus&quot;:&quot;instock&quot;,&quot;google_business_vertical&quot;:&quot;retail&quot;,&quot;item_category&quot;:&quot;Matelas &amp; surmatelas&quot;,&quot;id&quot;:&quot;H1099&quot;,&quot;productlink&quot;:&quot;https:\\\/\\\/bico.ch\\\/fr\\\/produit\\\/matelas-baby-elastica\\\/&quot;,&quot;item_list_name&quot;:&quot;Liste g\\u00e9n\\u00e9rale des produits&quot;,&quot;index&quot;:1,&quot;product_type&quot;:&quot;variable&quot;,&quot;item_brand&quot;:&quot;&quot;}\"><\/span><\/li><\/ul>\n<\/div>              <\/div>\n                                                <div class=\"swiper-slide\">\n                <div class=\"woocommerce \"><ul class=\"products columns-4\">\n<li class=\"product type-product post-51274 status-publish first instock product_cat-sommiers product_tag-best-seller has-post-thumbnail taxable shipping-taxable purchasable product-type-variable has-default-attributes\">\n\t<div class=\"tags-wrapper\">\n\t\t\n\t\t\t\t\t\t\t\t\t<span class=\"tag-item default\">\n\t\t\t\t\tBEST SELLER\t\t\t\t<\/span>\n\t\t\t\t\t\t<\/div>\n\n\t<a href=\"https:\/\/bico.ch\/fr\/produit\/sommier-swing-flex-a\/\" class=\"woocommerce-LoopProduct-link woocommerce-loop-product__link\"><div class=\"thumbnail-wrapper\"><img decoding=\"async\" loading=\"lazy\" width=\"600\" height=\"400\" src=\"https:\/\/bico.ch\/wp-content\/uploads\/2022\/10\/01-bico-swing-flex-a-lattenrost-cut-600x400.webp\" class=\"attachment-woocommerce_thumbnail size-woocommerce_thumbnail\" alt=\"Lattenrost Swing-flex A\" \/><img decoding=\"async\" loading=\"lazy\" src=\"https:\/\/bico.ch\/wp-content\/uploads\/2024\/10\/03-bico-swing-flex-a-lattenrost-h2091-ausschnitt-aspect-ratio-448-340.webp\" alt=\"BICO swing-flex A Lattenrost Ausschnitt\" class=\"img-fluid attachment-woocommerce_thumbnail-overlay\" \/><\/div><h2 class=\"woocommerce-loop-product__title\">Swing-flex A<\/h2>\n\n\t\t\t<div class=\"woocommerce-loop-product__lead\">\n\t\t\tSommier \u00e0 lattes \u00e9prouv\u00e9 pour une position harmonieuse du corps et la r\u00e9g\u00e9n\u00e9ration nocturne.\t\t<\/div>\n\t\n\n\t<div class=\"star-rating\" role=\"img\" aria-label=\"Note 5 sur 5\"><span style=\"width:100%\">Note <strong class=\"rating\">5<\/strong> sur 5<\/span><\/div>\n\t<div class=\"price-wrapper\">\n\t\t<span class=\"price\">\n\t\t\t\t\t\t\t\t\t\t\t\t\u00e0 partir de CHF 620.00\t\t\t\t\t\t\t\t\t<\/span>\n\n\t<\/div>\n\n<\/a><span class=\"gtm4wp_productdata\" style=\"display:none; visibility:hidden;\" data-gtm4wp_product_data=\"{&quot;internal_id&quot;:51274,&quot;item_id&quot;:&quot;H2091&quot;,&quot;item_name&quot;:&quot;Swing-flex A&quot;,&quot;sku&quot;:&quot;H2091&quot;,&quot;price&quot;:620,&quot;stocklevel&quot;:null,&quot;stockstatus&quot;:&quot;instock&quot;,&quot;google_business_vertical&quot;:&quot;retail&quot;,&quot;item_category&quot;:&quot;Sommiers&quot;,&quot;id&quot;:&quot;H2091&quot;,&quot;productlink&quot;:&quot;https:\\\/\\\/bico.ch\\\/fr\\\/produit\\\/sommier-swing-flex-a\\\/&quot;,&quot;item_list_name&quot;:&quot;Liste g\\u00e9n\\u00e9rale des produits&quot;,&quot;index&quot;:1,&quot;product_type&quot;:&quot;variable&quot;,&quot;item_brand&quot;:&quot;&quot;}\"><\/span><\/li><\/ul>\n<\/div>              <\/div>\n                              <\/div>\n        <div class=\"swiper-button-wrapper\">\n          <div class=\"swiper-button-prev\"><?xml version=\"1.0\"?>\n<svg xmlns=\"http:\/\/www.w3.org\/2000\/svg\" width=\"24\" height=\"24\" viewBox=\"0 0 24 24\" fill=\"none\" class=\"icon icon_arrow_left-icon \" aria-labelledby=\"retour-icon\" role=\"img\">\n<g clip-path=\"url(#clip0_11139_13198)\">\n<path d=\"M11 18.9999L4 11.9999L11 4.99992\" stroke=\"#0F1531\"\/>\n<path d=\"M4 12L21.25 12\" stroke=\"#0F1531\"\/>\n<\/g>\n<defs>\n<clipPath id=\"clip0_11139_13198\">\n<rect width=\"24\" height=\"24\" rx=\"12\" transform=\"matrix(-1 0 0 1 24 0)\" fill=\"white\"\/>\n<\/clipPath>\n<\/defs>\n<title id=\"retour-icon\">Retour<\/title><\/svg>\n<\/div>\n          <div class=\"swiper-button-next\"><?xml version=\"1.0\"?>\n<svg xmlns=\"http:\/\/www.w3.org\/2000\/svg\" width=\"24\" height=\"24\" viewBox=\"0 0 24 24\" fill=\"none\" class=\"icon icon_arrow_right-icon \" aria-labelledby=\"continuer-icon\" role=\"img\">\n<path d=\"M13 18.9999L20 11.9999L13 4.99992\" stroke=\"#0F1531\"\/>\n<path d=\"M20 12L2.75 12\" stroke=\"#0F1531\"\/>\n<title id=\"continuer-icon\">Continuer<\/title><\/svg>\n<\/div>\n        <\/div>\n      <\/div>\n\n    <\/div>\n  \n<\/div>","protected":false},"author":7,"comment_status":"open","ping_status":"closed","template":"","blog-taxonomies":[1042,1037],"class_list":["post-215798","blog","type-blog","status-publish","hentry"],"acf":[],"yoast_head":"<!-- This site is optimized with the Yoast SEO Premium plugin v27.4 (Yoast SEO v27.5) - https:\/\/yoast.com\/product\/yoast-seo-premium-wordpress\/ -->\n<title>De la Suisse pour la Suisse | BICO<\/title>\n<meta name=\"description\" content=\"BICO est une marque suisse, de bout en bout. Fid\u00e8le \u00e0 la devise: de la Suisse pour la Suisse depuis pr\u00e8s de 160 ans.\" \/>\n<meta name=\"robots\" content=\"index, follow, max-snippet:-1, max-image-preview:large, max-video-preview:-1\" \/>\n<link rel=\"canonical\" href=\"https:\/\/bico.ch\/fr\/blog-du-sommeil\/de-la-suisse-pour-la-suisse\/\" \/>\n<meta property=\"og:locale\" content=\"fr_FR\" \/>\n<meta property=\"og:type\" content=\"article\" \/>\n<meta property=\"og:title\" content=\"De la Suisse pour la Suisse | BICO\" \/>\n<meta property=\"og:description\" content=\"BICO est une marque suisse, de bout en bout. Fid\u00e8le \u00e0 la devise: de la Suisse pour la Suisse depuis pr\u00e8s de 160 ans.\" \/>\n<meta property=\"og:url\" content=\"https:\/\/bico.ch\/fr\/blog-du-sommeil\/de-la-suisse-pour-la-suisse\/\" \/>\n<meta property=\"og:site_name\" content=\"BICO\" \/>\n<meta property=\"article:publisher\" content=\"https:\/\/www.facebook.com\/bicoswitzerland\" \/>\n<meta property=\"article:modified_time\" content=\"2024-11-21T15:16:13+00:00\" \/>\n<meta property=\"og:image\" content=\"https:\/\/bico.ch\/wp-content\/uploads\/2022\/10\/bico-aus-der-schweiz-fuer-die-schweiz-1.jpg\" \/>\n\t<meta property=\"og:image:width\" content=\"1920\" \/>\n\t<meta property=\"og:image:height\" content=\"1081\" \/>\n\t<meta property=\"og:image:type\" content=\"image\/jpeg\" \/>\n<script type=\"application\/ld+json\" class=\"yoast-schema-graph\">{\"@context\":\"https:\\\/\\\/schema.org\",\"@graph\":[{\"@type\":\"WebPage\",\"@id\":\"https:\\\/\\\/bico.ch\\\/fr\\\/blog-du-sommeil\\\/de-la-suisse-pour-la-suisse\\\/\",\"url\":\"https:\\\/\\\/bico.ch\\\/fr\\\/blog-du-sommeil\\\/de-la-suisse-pour-la-suisse\\\/\",\"name\":\"De la Suisse pour la Suisse | BICO\",\"isPartOf\":{\"@id\":\"https:\\\/\\\/bico.ch\\\/fr\\\/#website\"},\"datePublished\":\"2020-02-04T09:42:20+00:00\",\"dateModified\":\"2024-11-21T15:16:13+00:00\",\"description\":\"BICO est une marque suisse, de bout en bout. Fid\u00e8le \u00e0 la devise: de la Suisse pour la Suisse depuis pr\u00e8s de 160 ans.\",\"breadcrumb\":{\"@id\":\"https:\\\/\\\/bico.ch\\\/fr\\\/blog-du-sommeil\\\/de-la-suisse-pour-la-suisse\\\/#breadcrumb\"},\"inLanguage\":\"fr-FR\",\"potentialAction\":[{\"@type\":\"ReadAction\",\"target\":[\"https:\\\/\\\/bico.ch\\\/fr\\\/blog-du-sommeil\\\/de-la-suisse-pour-la-suisse\\\/\"]}]},{\"@type\":\"BreadcrumbList\",\"@id\":\"https:\\\/\\\/bico.ch\\\/fr\\\/blog-du-sommeil\\\/de-la-suisse-pour-la-suisse\\\/#breadcrumb\",\"itemListElement\":[{\"@type\":\"ListItem\",\"position\":1,\"name\":\"Startseite\",\"item\":\"https:\\\/\\\/bico.ch\\\/fr\\\/\"},{\"@type\":\"ListItem\",\"position\":2,\"name\":\"De la Suisse pour la Suisse\"}]},{\"@type\":\"WebSite\",\"@id\":\"https:\\\/\\\/bico.ch\\\/fr\\\/#website\",\"url\":\"https:\\\/\\\/bico.ch\\\/fr\\\/\",\"name\":\"BICO\",\"description\":\"F\u00fcr \u00e4 t\u00fc\u00fcf\u00e4 gsund\u00e4 Schlaaf.\u00ae\",\"publisher\":{\"@id\":\"https:\\\/\\\/bico.ch\\\/fr\\\/#organization\"},\"alternateName\":\"bico.ch\",\"potentialAction\":[{\"@type\":\"SearchAction\",\"target\":{\"@type\":\"EntryPoint\",\"urlTemplate\":\"https:\\\/\\\/bico.ch\\\/fr\\\/?s={search_term_string}\"},\"query-input\":{\"@type\":\"PropertyValueSpecification\",\"valueRequired\":true,\"valueName\":\"search_term_string\"}}],\"inLanguage\":\"fr-FR\"},{\"@type\":\"Organization\",\"@id\":\"https:\\\/\\\/bico.ch\\\/fr\\\/#organization\",\"name\":\"BICO\",\"url\":\"https:\\\/\\\/bico.ch\\\/fr\\\/\",\"logo\":{\"@type\":\"ImageObject\",\"inLanguage\":\"fr-FR\",\"@id\":\"https:\\\/\\\/bico.ch\\\/fr\\\/#\\\/schema\\\/logo\\\/image\\\/\",\"url\":\"https:\\\/\\\/bico.ch\\\/wp-content\\\/uploads\\\/2022\\\/11\\\/BICO_Logo_Black-e1667997604131.png\",\"contentUrl\":\"https:\\\/\\\/bico.ch\\\/wp-content\\\/uploads\\\/2022\\\/11\\\/BICO_Logo_Black-e1667997604131.png\",\"width\":2481,\"height\":1754,\"caption\":\"BICO\"},\"image\":{\"@id\":\"https:\\\/\\\/bico.ch\\\/fr\\\/#\\\/schema\\\/logo\\\/image\\\/\"},\"sameAs\":[\"https:\\\/\\\/www.facebook.com\\\/bicoswitzerland\",\"https:\\\/\\\/www.instagram.com\\\/bicoswitzerland\\\/\",\"https:\\\/\\\/www.youtube.com\\\/channel\\\/UCnyVAqYqj5XdkWKWY5CFJ3A\",\"https:\\\/\\\/www.linkedin.com\\\/showcase\\\/bicoswitzerland\\\/\"]}]}<\/script>\n<!-- \/ Yoast SEO Premium plugin. -->","yoast_head_json":{"title":"De la Suisse pour la Suisse | BICO","description":"BICO est une marque suisse, de bout en bout. Fid\u00e8le \u00e0 la devise: de la Suisse pour la Suisse depuis pr\u00e8s de 160 ans.","robots":{"index":"index","follow":"follow","max-snippet":"max-snippet:-1","max-image-preview":"max-image-preview:large","max-video-preview":"max-video-preview:-1"},"canonical":"https:\/\/bico.ch\/fr\/blog-du-sommeil\/de-la-suisse-pour-la-suisse\/","og_locale":"fr_FR","og_type":"article","og_title":"De la Suisse pour la Suisse | BICO","og_description":"BICO est une marque suisse, de bout en bout. Fid\u00e8le \u00e0 la devise: de la Suisse pour la Suisse depuis pr\u00e8s de 160 ans.","og_url":"https:\/\/bico.ch\/fr\/blog-du-sommeil\/de-la-suisse-pour-la-suisse\/","og_site_name":"BICO","article_publisher":"https:\/\/www.facebook.com\/bicoswitzerland","article_modified_time":"2024-11-21T15:16:13+00:00","og_image":[{"width":1920,"height":1081,"url":"https:\/\/bico.ch\/wp-content\/uploads\/2022\/10\/bico-aus-der-schweiz-fuer-die-schweiz-1.jpg","type":"image\/jpeg"}],"schema":{"@context":"https:\/\/schema.org","@graph":[{"@type":"WebPage","@id":"https:\/\/bico.ch\/fr\/blog-du-sommeil\/de-la-suisse-pour-la-suisse\/","url":"https:\/\/bico.ch\/fr\/blog-du-sommeil\/de-la-suisse-pour-la-suisse\/","name":"De la Suisse pour la Suisse | BICO","isPartOf":{"@id":"https:\/\/bico.ch\/fr\/#website"},"datePublished":"2020-02-04T09:42:20+00:00","dateModified":"2024-11-21T15:16:13+00:00","description":"BICO est une marque suisse, de bout en bout. Fid\u00e8le \u00e0 la devise: de la Suisse pour la Suisse depuis pr\u00e8s de 160 ans.","breadcrumb":{"@id":"https:\/\/bico.ch\/fr\/blog-du-sommeil\/de-la-suisse-pour-la-suisse\/#breadcrumb"},"inLanguage":"fr-FR","potentialAction":[{"@type":"ReadAction","target":["https:\/\/bico.ch\/fr\/blog-du-sommeil\/de-la-suisse-pour-la-suisse\/"]}]},{"@type":"BreadcrumbList","@id":"https:\/\/bico.ch\/fr\/blog-du-sommeil\/de-la-suisse-pour-la-suisse\/#breadcrumb","itemListElement":[{"@type":"ListItem","position":1,"name":"Startseite","item":"https:\/\/bico.ch\/fr\/"},{"@type":"ListItem","position":2,"name":"De la Suisse pour la Suisse"}]},{"@type":"WebSite","@id":"https:\/\/bico.ch\/fr\/#website","url":"https:\/\/bico.ch\/fr\/","name":"BICO","description":"F\u00fcr \u00e4 t\u00fc\u00fcf\u00e4 gsund\u00e4 Schlaaf.\u00ae","publisher":{"@id":"https:\/\/bico.ch\/fr\/#organization"},"alternateName":"bico.ch","potentialAction":[{"@type":"SearchAction","target":{"@type":"EntryPoint","urlTemplate":"https:\/\/bico.ch\/fr\/?s={search_term_string}"},"query-input":{"@type":"PropertyValueSpecification","valueRequired":true,"valueName":"search_term_string"}}],"inLanguage":"fr-FR"},{"@type":"Organization","@id":"https:\/\/bico.ch\/fr\/#organization","name":"BICO","url":"https:\/\/bico.ch\/fr\/","logo":{"@type":"ImageObject","inLanguage":"fr-FR","@id":"https:\/\/bico.ch\/fr\/#\/schema\/logo\/image\/","url":"https:\/\/bico.ch\/wp-content\/uploads\/2022\/11\/BICO_Logo_Black-e1667997604131.png","contentUrl":"https:\/\/bico.ch\/wp-content\/uploads\/2022\/11\/BICO_Logo_Black-e1667997604131.png","width":2481,"height":1754,"caption":"BICO"},"image":{"@id":"https:\/\/bico.ch\/fr\/#\/schema\/logo\/image\/"},"sameAs":["https:\/\/www.facebook.com\/bicoswitzerland","https:\/\/www.instagram.com\/bicoswitzerland\/","https:\/\/www.youtube.com\/channel\/UCnyVAqYqj5XdkWKWY5CFJ3A","https:\/\/www.linkedin.com\/showcase\/bicoswitzerland\/"]}]}},"_links":{"self":[{"href":"https:\/\/bico.ch\/fr\/wp-json\/wp\/v2\/blog\/215798","targetHints":{"allow":["GET"]}}],"collection":[{"href":"https:\/\/bico.ch\/fr\/wp-json\/wp\/v2\/blog"}],"about":[{"href":"https:\/\/bico.ch\/fr\/wp-json\/wp\/v2\/types\/blog"}],"author":[{"embeddable":true,"href":"https:\/\/bico.ch\/fr\/wp-json\/wp\/v2\/users\/7"}],"replies":[{"embeddable":true,"href":"https:\/\/bico.ch\/fr\/wp-json\/wp\/v2\/comments?post=215798"}],"version-history":[{"count":0,"href":"https:\/\/bico.ch\/fr\/wp-json\/wp\/v2\/blog\/215798\/revisions"}],"wp:attachment":[{"href":"https:\/\/bico.ch\/fr\/wp-json\/wp\/v2\/media?parent=215798"}],"wp:term":[{"taxonomy":"blog-taxonomies","embeddable":true,"href":"https:\/\/bico.ch\/fr\/wp-json\/wp\/v2\/blog-taxonomies?post=215798"}],"curies":[{"name":"wp","href":"https:\/\/api.w.org\/{rel}","templated":true}]}}