{"id":220569,"date":"2023-07-13T11:34:57","date_gmt":"2023-07-13T09:34:57","guid":{"rendered":"https:\/\/bico.ch\/schlafblog\/90-nuits-trois-oreillers-un-vainqueur-le-clima-flow-de-bico\/"},"modified":"2025-11-28T11:52:17","modified_gmt":"2025-11-28T10:52:17","slug":"90-nuits-trois-oreillers-un-vainqueur-le-clima-flow-de-bico","status":"publish","type":"blog","link":"https:\/\/bico.ch\/fr\/blog-du-sommeil\/90-nuits-trois-oreillers-un-vainqueur-le-clima-flow-de-bico\/","title":{"rendered":"90 nuits, trois oreillers, un vainqueur : le \u00ab Clima Flow \u00bb de Bico"},"content":{"rendered":"\n<div id=\"lead-text-block_6cc7dd707df0d3513535d35bd95d3a12\" class=\"lead-text \n mt-medium\">\n      <div class=\"container\">\n      <div class=\"row\">\n        <div class=\"offset-xl-2 col-xl-8\">\n\n          \n          \n                      <h2 class=\"title text-center  mb-0\">Test de produit de Digitec Galaxus AG<\/h2>\n          \n          \n        <\/div>\n      <\/div>\n    <\/div>\n  <\/div>\n\n\n<div id=\"zitat-block_43fad5f8056af7efe9a7985f390bcd98\" class=\"zitat \n mt-medium mb-medium\">\n\n      <div class=\"container\">\n                        <div class=\"row\">\n            <div class=\"offset-lg-2 col-lg-8\">\n              <blockquote class=\"text-center mb-0\">\n                <div class=\"wysiwyg quote-text text-400\">\n                  <p>\u00ab\u00a0Bico, fabricant suisse de literie, a trois nouveaux oreillers dans son assortiment. J\u2019ai pu les tester. Les trois sont bien, mais un seul me satisfait au lit sur le long terme.\u00a0\u00bb<\/p>\n                <\/div>\n                <cite class=\"d-block\">\n                  <strong>Martin Jungfer<\/strong>\n                                      <p class=\"author-desc mb-0 text-small text-medium\">Head of Content, Digitec Galaxus AG<\/p>\n                                  <\/cite>\n              <\/blockquote>\n            <\/div>\n          <\/div>\n                        <\/div>\n  \n<\/div>\n\n\n<div id=\"lead-text-block_a55469bc544086cb7f13417076846249\" class=\"lead-text \n mt-medium mb-medium\">\n      <div class=\"container\">\n      <div class=\"row\">\n        <div class=\"offset-xl-2 col-xl-8\">\n\n          \n          \n          \n                      <div class=\"wysiwyg text text-center \">\n              <p>J\u2019ai atteint un \u00e2ge o\u00f9 j\u2019attache plus d\u2019importance \u00e0 la qualit\u00e9 qu\u2019au prix. Et des coussins qui co\u00fbtent plus cher que le menu dans un bon restaurant m\u2019intriguent plus qu\u2019ils ne me rebutent. D\u00e9penser de l\u2019argent pour une bonne literie est d\u2019autant plus facile quand le dos et la nuque se raidissent. Cela vous est d\u00e9j\u00e0 arriv\u00e9 ? Alors les trois nouveaux oreillers de Bico m\u00e9ritent votre attention. Ils sont tous relativement r\u00e9cents.<\/p>\n<p>J\u2019ai pu tester les trois pendant plusieurs semaines et, apr\u00e8s 90 nuits, je peux vous faire part de mon exp\u00e9rience. Je me suis pench\u00e9 sur les mat\u00e9riaux, la finition et le confort des trois mod\u00e8les et donne une recommandation personnelle pour savoir si les diff\u00e9rents oreillers pourraient vous convenir.<\/p>\n            <\/div>\n          \n        <\/div>\n      <\/div>\n    <\/div>\n  <\/div>\n\n\n<div id=\"produktempfehlungen-block_bdbd3c47f3495bae6d293d828659e99c\" class=\"produktempfehlungen \n mt-medium\">\n\n      <div class=\"container\">\n\n      \n      <div class=\"swiper produktempfehlungen-swiper\">\n        <div class=\"swiper-wrapper\">\n                                    <div class=\"swiper-slide\">\n                <div class=\"woocommerce \"><ul class=\"products columns-4\">\n<li class=\"product type-product post-69759 status-publish first instock product_cat-oreillers-et-couettes has-post-thumbnail taxable shipping-taxable purchasable product-type-variable has-default-attributes\">\n\t<div class=\"tags-wrapper\">\n\t\t\n\t\t\t<\/div>\n\n\t<a href=\"https:\/\/bico.ch\/fr\/produit\/oreiller-vitaadapt\/\" class=\"woocommerce-LoopProduct-link woocommerce-loop-product__link\"><div class=\"thumbnail-wrapper\"><img decoding=\"async\" loading=\"lazy\" width=\"600\" height=\"400\" src=\"https:\/\/bico.ch\/wp-content\/uploads\/2023\/03\/01-selection-bico-kissen-vitaadapt-h4223-v3-600x400.webp\" class=\"attachment-woocommerce_thumbnail size-woocommerce_thumbnail\" alt=\"Selection by Bico Kissen Vitaadapt\" \/><img decoding=\"async\" loading=\"lazy\" src=\"https:\/\/bico.ch\/wp-content\/uploads\/2024\/11\/13-selection-bico-kissen-vitaadapt-h4223-aspect-ratio-448-340.webp\" alt=\"\" class=\"img-fluid attachment-woocommerce_thumbnail-overlay\" \/><\/div><h2 class=\"woocommerce-loop-product__title\">VitaAdapt<\/h2>\n\n\t\t\t<div class=\"woocommerce-loop-product__lead\">\n\t\t\tOreiller de soutien de la nuque ergonomique, multivariable, pour toutes les morphologies et positions de sommeil.\t\t<\/div>\n\t\n\n\t<div class=\"star-rating\" role=\"img\" aria-label=\"Note 4 sur 5\"><span style=\"width:80%\">Note <strong class=\"rating\">4<\/strong> sur 5<\/span><\/div>\n\t<div class=\"price-wrapper\">\n\t\t<span class=\"price\">\n\t\t\t\t\t\t\t\t\t\t\t\t\u00e0 partir de CHF 195.00\t\t\t\t\t\t\t\t\t<\/span>\n\n\t<\/div>\n\n<\/a><span class=\"gtm4wp_productdata\" style=\"display:none; visibility:hidden;\" data-gtm4wp_product_data=\"{&quot;internal_id&quot;:69759,&quot;item_id&quot;:&quot;H4223&quot;,&quot;item_name&quot;:&quot;VitaAdapt&quot;,&quot;sku&quot;:&quot;H4223&quot;,&quot;price&quot;:195,&quot;stocklevel&quot;:null,&quot;stockstatus&quot;:&quot;instock&quot;,&quot;google_business_vertical&quot;:&quot;retail&quot;,&quot;item_category&quot;:&quot;Oreillers &amp; couettes&quot;,&quot;id&quot;:&quot;H4223&quot;,&quot;productlink&quot;:&quot;https:\\\/\\\/bico.ch\\\/fr\\\/produit\\\/oreiller-vitaadapt\\\/&quot;,&quot;item_list_name&quot;:&quot;Liste g\\u00e9n\\u00e9rale des produits&quot;,&quot;index&quot;:1,&quot;product_type&quot;:&quot;variable&quot;,&quot;item_brand&quot;:&quot;&quot;}\"><\/span><\/li><\/ul>\n<\/div>              <\/div>\n                                                <div class=\"swiper-slide\">\n                <div class=\"woocommerce \"><ul class=\"products columns-4\">\n<li class=\"product type-product post-69761 status-publish first instock product_cat-oreillers-et-couettes product_tag-best-seller has-post-thumbnail taxable shipping-taxable purchasable product-type-variable has-default-attributes\">\n\t<div class=\"tags-wrapper\">\n\t\t\n\t\t\t\t\t\t\t\t\t<span class=\"tag-item default\">\n\t\t\t\t\tBEST SELLER\t\t\t\t<\/span>\n\t\t\t\t\t\t<\/div>\n\n\t<a href=\"https:\/\/bico.ch\/fr\/produit\/oreiller-bodysoft\/\" class=\"woocommerce-LoopProduct-link woocommerce-loop-product__link\"><div class=\"thumbnail-wrapper\"><img decoding=\"async\" loading=\"lazy\" width=\"600\" height=\"400\" src=\"https:\/\/bico.ch\/wp-content\/uploads\/2023\/03\/01-selection-bico-kissen-bodysoft-h4213-v2-600x400.webp\" class=\"attachment-woocommerce_thumbnail size-woocommerce_thumbnail\" alt=\"BodySoft\" \/><img decoding=\"async\" loading=\"lazy\" src=\"https:\/\/bico.ch\/wp-content\/uploads\/2024\/10\/04-selection-bico-kissen-bodysoft-h4213-cropped-aspect-ratio-448-340.webp\" alt=\"BICO BodySoft Kissen\" class=\"img-fluid attachment-woocommerce_thumbnail-overlay\" \/><\/div><h2 class=\"woocommerce-loop-product__title\">BodySoft<\/h2>\n\n\t\t\t<div class=\"woocommerce-loop-product__lead\">\n\t\t\tNouveaut\u00e9 mondiale: l\u2019oreiller de d\u00e9tente. Le moelleux du duvet, le soutien de la mousse.\t\t<\/div>\n\t\n\n\t<div class=\"star-rating\" role=\"img\" aria-label=\"Note 5 sur 5\"><span style=\"width:100%\">Note <strong class=\"rating\">5<\/strong> sur 5<\/span><\/div>\n\t<div class=\"price-wrapper\">\n\t\t<span class=\"price\">\n\t\t\t\t\t\t\t\t\t\t\t\t\u00e0 partir de CHF 240.00\t\t\t\t\t\t\t\t\t<\/span>\n\n\t<\/div>\n\n<\/a><span class=\"gtm4wp_productdata\" style=\"display:none; visibility:hidden;\" data-gtm4wp_product_data=\"{&quot;internal_id&quot;:69761,&quot;item_id&quot;:&quot;H4213&quot;,&quot;item_name&quot;:&quot;BodySoft&quot;,&quot;sku&quot;:&quot;H4213&quot;,&quot;price&quot;:240,&quot;stocklevel&quot;:null,&quot;stockstatus&quot;:&quot;instock&quot;,&quot;google_business_vertical&quot;:&quot;retail&quot;,&quot;item_category&quot;:&quot;Oreillers &amp; couettes&quot;,&quot;id&quot;:&quot;H4213&quot;,&quot;productlink&quot;:&quot;https:\\\/\\\/bico.ch\\\/fr\\\/produit\\\/oreiller-bodysoft\\\/&quot;,&quot;item_list_name&quot;:&quot;Liste g\\u00e9n\\u00e9rale des produits&quot;,&quot;index&quot;:1,&quot;product_type&quot;:&quot;variable&quot;,&quot;item_brand&quot;:&quot;&quot;}\"><\/span><\/li><\/ul>\n<\/div>              <\/div>\n                                                <div class=\"swiper-slide\">\n                <div class=\"woocommerce \"><ul class=\"products columns-4\">\n<li class=\"product type-product post-69763 status-publish first instock product_cat-oreillers-et-couettes has-post-thumbnail taxable shipping-taxable purchasable product-type-variable has-default-attributes\">\n\t<div class=\"tags-wrapper\">\n\t\t\n\t\t\t<\/div>\n\n\t<a href=\"https:\/\/bico.ch\/fr\/produit\/oreiller-climaflow\/\" class=\"woocommerce-LoopProduct-link woocommerce-loop-product__link\"><div class=\"thumbnail-wrapper\"><img decoding=\"async\" loading=\"lazy\" width=\"600\" height=\"400\" src=\"https:\/\/bico.ch\/wp-content\/uploads\/2023\/03\/01-selection-bico-kissen-climaflow-h4214-v3-600x400.webp\" class=\"attachment-woocommerce_thumbnail size-woocommerce_thumbnail\" alt=\"Selection by Bico Kissen Climaflow\" \/><img decoding=\"async\" loading=\"lazy\" src=\"https:\/\/bico.ch\/wp-content\/uploads\/2024\/11\/10-selection-bico-kissen-climaflow-h4214-aspect-ratio-448-340.webp\" alt=\"\" class=\"img-fluid attachment-woocommerce_thumbnail-overlay\" \/><\/div><h2 class=\"woocommerce-loop-product__title\">ClimaFlow<\/h2>\n\n\t\t\t<div class=\"woocommerce-loop-product__lead\">\n\t\t\tOreiller de soutien respirant avec zone climatique et mousse gel, hauteur ajustable. \t\t<\/div>\n\t\n\n\t<div class=\"star-rating\" role=\"img\" aria-label=\"Note 4.5 sur 5\"><span style=\"width:90%\">Note <strong class=\"rating\">4.5<\/strong> sur 5<\/span><\/div>\n\t<div class=\"price-wrapper\">\n\t\t<span class=\"price\">\n\t\t\t\t\t\t\t\t\t\t\t\t\u00e0 partir de CHF 230.00\t\t\t\t\t\t\t\t\t<\/span>\n\n\t<\/div>\n\n<\/a><span class=\"gtm4wp_productdata\" style=\"display:none; visibility:hidden;\" data-gtm4wp_product_data=\"{&quot;internal_id&quot;:69763,&quot;item_id&quot;:&quot;H4214&quot;,&quot;item_name&quot;:&quot;ClimaFlow&quot;,&quot;sku&quot;:&quot;H4214&quot;,&quot;price&quot;:230,&quot;stocklevel&quot;:null,&quot;stockstatus&quot;:&quot;instock&quot;,&quot;google_business_vertical&quot;:&quot;retail&quot;,&quot;item_category&quot;:&quot;Oreillers &amp; couettes&quot;,&quot;id&quot;:&quot;H4214&quot;,&quot;productlink&quot;:&quot;https:\\\/\\\/bico.ch\\\/fr\\\/produit\\\/oreiller-climaflow\\\/&quot;,&quot;item_list_name&quot;:&quot;Liste g\\u00e9n\\u00e9rale des produits&quot;,&quot;index&quot;:1,&quot;product_type&quot;:&quot;variable&quot;,&quot;item_brand&quot;:&quot;&quot;}\"><\/span><\/li><\/ul>\n<\/div>              <\/div>\n                              <\/div>\n        <div class=\"swiper-button-wrapper\">\n          <div class=\"swiper-button-prev\"><?xml version=\"1.0\"?>\n<svg xmlns=\"http:\/\/www.w3.org\/2000\/svg\" width=\"24\" height=\"24\" viewBox=\"0 0 24 24\" fill=\"none\" class=\"icon icon_arrow_left-icon \" aria-labelledby=\"retour-icon\" role=\"img\">\n<g clip-path=\"url(#clip0_11139_13198)\">\n<path d=\"M11 18.9999L4 11.9999L11 4.99992\" stroke=\"#0F1531\"\/>\n<path d=\"M4 12L21.25 12\" stroke=\"#0F1531\"\/>\n<\/g>\n<defs>\n<clipPath id=\"clip0_11139_13198\">\n<rect width=\"24\" height=\"24\" rx=\"12\" transform=\"matrix(-1 0 0 1 24 0)\" fill=\"white\"\/>\n<\/clipPath>\n<\/defs>\n<title id=\"retour-icon\">Retour<\/title><\/svg>\n<\/div>\n          <div class=\"swiper-button-next\"><?xml version=\"1.0\"?>\n<svg xmlns=\"http:\/\/www.w3.org\/2000\/svg\" width=\"24\" height=\"24\" viewBox=\"0 0 24 24\" fill=\"none\" class=\"icon icon_arrow_right-icon \" aria-labelledby=\"continuer-icon\" role=\"img\">\n<path d=\"M13 18.9999L20 11.9999L13 4.99992\" stroke=\"#0F1531\"\/>\n<path d=\"M20 12L2.75 12\" stroke=\"#0F1531\"\/>\n<title id=\"continuer-icon\">Continuer<\/title><\/svg>\n<\/div>\n        <\/div>\n      <\/div>\n\n    <\/div>\n  \n<\/div>\n\n\n<div id=\"anker-leiste-block_0a3954d79d4fbeeddcc0f8f3b3bd840e\" class=\"anker-leiste \n variante-2\">\n\n      <div class=\"container\">\n      <div class=\"row justify-content-center\">\n\n                  <div class=\"col-xxl-10\">\n            <div class=\"row gx-xl-5\">\n                              <div class=\"col-md-6 col-xl-4 anchor-item-wrapper d-flex\">\n                  <a class=\"anchor-item text-500\" href=\" #titel-text-block_c8319047c28b05d83f12742976758e87\">\n                    <span>\u00abVita Adapt\u00bb<\/span>\n                    <i class=\"fak fa-icon-anchorlink\"><\/i>\n                  <\/a>\n                <\/div>\n                              <div class=\"col-md-6 col-xl-4 anchor-item-wrapper d-flex\">\n                  <a class=\"anchor-item text-500\" href=\"#titel-text-block_d7cdd808bb35cc3e13ea746131fdb889\">\n                    <span>\u00abBody Soft\u00bb<\/span>\n                    <i class=\"fak fa-icon-anchorlink\"><\/i>\n                  <\/a>\n                <\/div>\n                              <div class=\"col-md-6 col-xl-4 anchor-item-wrapper d-flex\">\n                  <a class=\"anchor-item text-500\" href=\"#titel-text-block_9749979a5193c73640a95ddadffff257\">\n                    <span>\u00abClima Flow\u00bb<\/span>\n                    <i class=\"fak fa-icon-anchorlink\"><\/i>\n                  <\/a>\n                <\/div>\n                          <\/div>\n          <\/div>\n        \n\n      <\/div>\n    <\/div>\n  \n<\/div>\n\n\n<div id=\"titel-text-block_35d7a52ed6a9188b20c67bcdfece0eb2\" class=\"titel-text \n mt-medium\">\n\n      <div class=\"container\">\n\n      <div class=\"row justify-content-center\">\n        <div class=\"col-md-8 col-xl-6\">\n                      <h3 class=\"h2   \">\n              \u00abVita Adapt\u00bb            <\/h3>\n                                                    <div class=\"wysiwyg text  \">\n              <p>Le \u00ab Vita Adapt \u00bb est le plus petit et le plus plat des oreillers test\u00e9s. Avec ses 40 x 60 centim\u00e8tres, il ne prend pas beaucoup de place dans mon lit. Cependant, il n\u2019offre que peu de place aux dormeur\u00b7euses agit\u00e9s pour changer de position pendant la nuit. Selon Bico, l\u2019oreiller convient \u00e0 tous les types de dormeur\u00b7euses, donc aussi bien aux personnes qui se couchent sur le ventre, le dos ou le c\u00f4t\u00e9. La faible hauteur de dix centim\u00e8tres est toutefois insuffisante pour dormir sur le c\u00f4t\u00e9, surtout pour les personnes aux \u00e9paules plut\u00f4t larges qui se couchent sur un <a href=\"https:\/\/bico.ch\/fr\/blog-du-sommeil\/test-matelas-suisse-2025-2026-bico-gagnant\/\">matelas<\/a> dur. C\u2019est en me couchant sur le dos que j\u2019ai le mieux dormi avec le \u00ab Vita Adapt \u00bb.<\/p>\n<p>&nbsp;<\/p>\n<p><img loading=\"lazy\" decoding=\"async\" class=\"wp-image-118727 size-full alignnone\" src=\"https:\/\/bico.ch\/wp-content\/uploads\/2023\/07\/bico-kopfkissen-test-vita-adapt-galaxus-guest-post.jpg\" alt=\"Galaxus Kissentest Guest Post - BICO VitaAdapt\" width=\"700\" height=\"525\" srcset=\"https:\/\/bico.ch\/wp-content\/uploads\/2023\/07\/bico-kopfkissen-test-vita-adapt-galaxus-guest-post.webp 700w, https:\/\/bico.ch\/wp-content\/uploads\/2023\/07\/bico-kopfkissen-test-vita-adapt-galaxus-guest-post-300x225.webp 300w, https:\/\/bico.ch\/wp-content\/uploads\/2023\/07\/bico-kopfkissen-test-vita-adapt-galaxus-guest-post-600x450.webp 600w\" sizes=\"auto, (max-width: 700px) 100vw, 700px\" \/><\/p>\n<p>Le \u00ab Vita Adapt \u00bb est un oreiller plut\u00f4t plat.<br \/>\nPhoto: Martin Jungfer<\/p>\n<p>&nbsp;<\/p>\n<p><img loading=\"lazy\" decoding=\"async\" class=\"alignnone wp-image-118730 size-full\" src=\"https:\/\/bico.ch\/wp-content\/uploads\/2023\/07\/bico-kopfkissen-vito-adapt-einlage-galaxus-guest-post.jpg\" alt=\"Galaxus Kissentest Guest Post - BICO VitaAdapt\" width=\"700\" height=\"368\" srcset=\"https:\/\/bico.ch\/wp-content\/uploads\/2023\/07\/bico-kopfkissen-vito-adapt-einlage-galaxus-guest-post.webp 700w, https:\/\/bico.ch\/wp-content\/uploads\/2023\/07\/bico-kopfkissen-vito-adapt-einlage-galaxus-guest-post-300x158.webp 300w, https:\/\/bico.ch\/wp-content\/uploads\/2023\/07\/bico-kopfkissen-vito-adapt-einlage-galaxus-guest-post-600x315.webp 600w\" sizes=\"auto, (max-width: 700px) 100vw, 700px\" \/><\/p>\n<p>En retirant l\u2019insert asym\u00e9trique, il est possible de le rendre encore plus plat.<br \/>\nPhoto: Martin Jungfer<\/p>\n<p>&nbsp;<\/p>\n<p>Si vous dormez plut\u00f4t sur le ventre, vous pouvez retirer l\u2019insert en mousse visco\u00e9lastique sp\u00e9ciale de l\u2019oreiller et le rendre ainsi de deux \u00e0 trois centim\u00e8tres plus plat. Ensuite, vous ne dormez plus que sur le noyau de l\u2019oreiller. Ce dernier est aussi fabriqu\u00e9 en mousse \u00e0 m\u00e9moire de forme et dispose d\u2019un rev\u00eatement en mousse gel.<\/p>\n<p>Le \u00ab Vita Adapt \u00bb est envelopp\u00e9 dans une housse \u2013 attention, c\u2019est l\u00e0 qu\u2019entre en jeu le langage marketing ! \u2013 ClimaFlow avec protection anti-acariens Sensity et maille tricot\u00e9e perm\u00e9able \u00e0 l\u2019air. Cette housse, apparemment d\u00e9velopp\u00e9e avec la collaboration de laur\u00e9ats du prix Nobel, s\u2019ouvre avec une fermeture \u00e9clair et est lavable \u00e0 60 degr\u00e9s.<\/p>\n            <\/div>\n                            <\/div>\n      <\/div>\n    <\/div>\n  <\/div>\n\n\n<div id=\"titel-text-block_d7cdd808bb35cc3e13ea746131fdb889\" class=\"titel-text \n mt-medium\">\n\n      <div class=\"container\">\n\n      <div class=\"row justify-content-center\">\n        <div class=\"col-md-8 col-xl-6\">\n                      <h3 class=\"h2   \">\n              \u00abBody Soft\u00bb            <\/h3>\n                                                    <div class=\"wysiwyg text  \">\n              <p>Avec ses 2,2 kilos, cet oreiller est le plus lourd du test. Vous l\u2019appr\u00e9cierez si vous aimez les gros oreillers en plumes et leur moelleux. N\u00e9anmoins, le \u00ab Body Soft \u00bb n\u2019est pas un oreiller en plumes. En effet, au lieu du plumage des oiseaux, Bico utilise une mousse sp\u00e9ciale appel\u00e9e HybridFeel. Contrairement aux oreillers en duvet, il ne se d\u00e9forme pas ; toute la nuit ma t\u00eate \u00e9tait soutenue. Il n\u2019est pas utile de secouer le \u00ab Body Soft \u00bb le matin.<\/p>\n<p>Il mesure 50 x 70 centim\u00e8tres et est donc un peu plus grand que le \u00ab Vita Adapt \u00bb. Mais il semble beaucoup plus grand. Cela est d\u00fb en premier lieu \u00e0 sa hauteur qui est de 19 centim\u00e8tres au plus haut. Au plus haut, car vous pouvez retirer deux inserts en mousse et ainsi r\u00e9duire la hauteur. Les deux inserts mesurent 1,5 et 2,5 centim\u00e8tres de haut. Si vous les retirez, il vous reste ainsi un coussin de 15 centim\u00e8tres de haut.<\/p>\n<p>Dans la housse, une poche a sp\u00e9cialement \u00e9t\u00e9 cousue pour y glisser les inserts, ou les retirer. Ainsi, la structure du coussin proprement dit et les deux inserts en mousse permettant de r\u00e9gler la hauteur ne glissent pas.<\/p>\n<p>&nbsp;<\/p>\n<p><img loading=\"lazy\" decoding=\"async\" class=\"alignnone wp-image-118743 size-full\" src=\"https:\/\/bico.ch\/wp-content\/uploads\/2023\/07\/bico-kopfkissen-body-soft-innen-galaxus-guest-post.jpg\" alt=\"Galaxus Kissentest Guest Post - BICO BodySoft\" width=\"700\" height=\"525\" srcset=\"https:\/\/bico.ch\/wp-content\/uploads\/2023\/07\/bico-kopfkissen-body-soft-innen-galaxus-guest-post.webp 700w, https:\/\/bico.ch\/wp-content\/uploads\/2023\/07\/bico-kopfkissen-body-soft-innen-galaxus-guest-post-300x225.webp 300w, https:\/\/bico.ch\/wp-content\/uploads\/2023\/07\/bico-kopfkissen-body-soft-innen-galaxus-guest-post-600x450.webp 600w\" sizes=\"auto, (max-width: 700px) 100vw, 700px\" \/><\/p>\n<p>L\u2019int\u00e9rieur de l\u2019oreiller \u00ab Body Soft \u00bb : la hauteur du coussin peut \u00eatre facilement r\u00e9gl\u00e9e gr\u00e2ce aux deux inserts de diff\u00e9rentes hauteurs.<br \/>\nPhoto: Martin Jungfer<\/p>\n<p>&nbsp;<\/p>\n<p>Pendant mon essai, j\u2019ai test\u00e9 le \u00ab Body Soft \u00bb le moins longtemps. Pas parce qu\u2019il ne me convenait pas, mais tout simplement, car ma femme le pr\u00e9f\u00e9rait et a d\u00e9cid\u00e9 que ce serait elle qui finirait le test de cet oreiller. Elle le recommande sans r\u00e9serve.<\/p>\n            <\/div>\n                            <\/div>\n      <\/div>\n    <\/div>\n  <\/div>\n\n\n<div id=\"titel-text-block_ddfcb24bd9e2b07d2be74daac761dd12\" class=\"titel-text \n mt-medium\">\n\n      <div class=\"container\">\n\n      <div class=\"row justify-content-center\">\n        <div class=\"col-md-8 col-xl-6\">\n                      <h3 class=\"h2   \">\n              \u00abClima Flow\u00bb            <\/h3>\n                                                    <div class=\"wysiwyg text  \">\n              <p>Heureusement, j\u2019ai plac\u00e9 le \u00ab Clima Flow \u00bb sous ma t\u00eate comme troisi\u00e8me oreiller. Je l\u2019admets, ce n\u2019\u00e9tait pas un coup de foudre. Mais au bout d\u2019une dizaine de jours, je l\u2019ai d\u00e9clar\u00e9 favori parmi les trois coussins Bico.<\/p>\n<p>Il entre dans la cat\u00e9gorie des oreillers de soutien, mais pr\u00e9sente une particularit\u00e9. La face sup\u00e9rieure n\u2019est pas simplement une surface en mousse gel. Bico l\u2019a divis\u00e9e dans le sens de la longueur. Mo\u00efse a autrefois fendu la mer Rouge pour pouvoir la traverser avec son peuple. Bico a fendu l\u2019oreiller pour cr\u00e9er une sorte de canal pour laisser passer l\u2019air. En combinaison avec les mat\u00e9riaux utilis\u00e9s, notamment le tissu \u00e0 mailles tricot\u00e9es, l\u2019oreiller \u00ab Clima Flow \u00bb est cens\u00e9 offrir une temp\u00e9rature plus basse. Les \u00e9tudes propres \u00e0 Bico mentionnent une temp\u00e9rature inf\u00e9rieure de 2,5 degr\u00e9s \u00e0 celle des autres oreillers de soutien en mousse gel.<\/p>\n<p>&nbsp;<\/p>\n<p><img loading=\"lazy\" decoding=\"async\" class=\"alignnone wp-image-118749 size-full\" src=\"https:\/\/bico.ch\/wp-content\/uploads\/2023\/07\/bico-kopfkissen-clima-flow-test-galaxus-guest-post.jpg\" alt=\"Galaxus Kissentest Guest Post - BICO ClimaFlow\" width=\"700\" height=\"525\" srcset=\"https:\/\/bico.ch\/wp-content\/uploads\/2023\/07\/bico-kopfkissen-clima-flow-test-galaxus-guest-post.webp 700w, https:\/\/bico.ch\/wp-content\/uploads\/2023\/07\/bico-kopfkissen-clima-flow-test-galaxus-guest-post-300x225.webp 300w, https:\/\/bico.ch\/wp-content\/uploads\/2023\/07\/bico-kopfkissen-clima-flow-test-galaxus-guest-post-600x450.webp 600w\" sizes=\"auto, (max-width: 700px) 100vw, 700px\" \/><\/p>\n<p>Le canal au milieu est cens\u00e9 r\u00e9duire la transpiration.<br \/>\nPhoto: Martin Jungfer<\/p>\n<p>&nbsp;<\/p>\n<p>Je ne peux pas dire si c\u2019est exactement 2,5 degr\u00e9s de moins, mais les premi\u00e8res <a href=\"https:\/\/bico.ch\/fr\/blog-du-sommeil\/dormir-lorsqu-il-fait-chaud-conseils-pour-des-nuits-estivales-reposantes\/\">nuits tr\u00e8s chaudes<\/a> de cet \u00e9t\u00e9, j\u2019ai effectivement dormi profond\u00e9ment sur l\u2019oreiller anti-transpiration et je n\u2019ai pratiquement pas transpir\u00e9.<\/p>\n<p>Vous pouvez \u00e9galement adapter la hauteur du coussin \u00ab Clima Flow \u00bb gr\u00e2ce \u00e0 deux inserts. Ces derniers mesurent quatre et trois centim\u00e8tres de haut. Avec les deux inserts, la hauteur du coussin est de douze centim\u00e8tres. Ce qui, par rapport au \u00ab Body Soft \u00bb pourrait sembler peu, ne l\u2019est pas. Car contrairement \u00e0 l\u2019imitation d\u2019oreiller en plumes, vous ne vous enfoncez pratiquement pas dans le \u00ab Clima Flow \u00bb.<\/p>\n<p>&nbsp;<\/p>\n<p><img loading=\"lazy\" decoding=\"async\" class=\"alignnone wp-image-118746 size-full\" src=\"https:\/\/bico.ch\/wp-content\/uploads\/2023\/07\/bico-kopfkissen-clima-flow-einlagen-galaxus-guest-post.jpg\" alt=\"Galaxus Kissentest Guest Post - BICO ClimaFlow\" width=\"700\" height=\"525\" srcset=\"https:\/\/bico.ch\/wp-content\/uploads\/2023\/07\/bico-kopfkissen-clima-flow-einlagen-galaxus-guest-post.webp 700w, https:\/\/bico.ch\/wp-content\/uploads\/2023\/07\/bico-kopfkissen-clima-flow-einlagen-galaxus-guest-post-300x225.webp 300w, https:\/\/bico.ch\/wp-content\/uploads\/2023\/07\/bico-kopfkissen-clima-flow-einlagen-galaxus-guest-post-600x450.webp 600w\" sizes=\"auto, (max-width: 700px) 100vw, 700px\" \/><\/p>\n<p>La hauteur du \u00ab Clima Flow \u00bb peut aussi \u00eatre ajust\u00e9e gr\u00e2ce \u00e0 des inserts de diff\u00e9rentes hauteurs.<br \/>\nPhoto: Martin Jungfer<\/p>\n<p>&nbsp;<\/p>\n<p>Au d\u00e9but, il faut s\u2019habituer au canal qui divise le coussin. Je sentais le trou et la pression ressentie sur la t\u00eate aux bords du canal \u00e9tait un peu plus importante que ce \u00e0 quoi je m\u2019attendais. Mais apr\u00e8s un certain temps d\u2019adaptation, l\u2019irritation initiale dispara\u00eet rapidement. Je dors tr\u00e8s bien avec, aussi bien sur le c\u00f4t\u00e9 que sur le dos. C\u2019est pourquoi le \u00ab Clima Flow \u00bb est mon vainqueur du test parmi les trois oreillers Bico.<\/p>\n            <\/div>\n                            <\/div>\n      <\/div>\n    <\/div>\n  <\/div>","protected":false},"author":50,"comment_status":"open","ping_status":"closed","template":"","blog-taxonomies":[1021,1028],"class_list":["post-220569","blog","type-blog","status-publish","hentry"],"acf":[],"yoast_head":"<!-- This site is optimized with the Yoast SEO Premium plugin v27.4 (Yoast SEO v27.5) - https:\/\/yoast.com\/product\/yoast-seo-premium-wordpress\/ -->\n<title>L&#039;oreiller anti-transpiration &quot;Clima Flow&quot; vainqueur | BICO<\/title>\n<meta name=\"description\" content=\"Bico, a trois nouveaux oreillers dans son assortiment. J\u2019ai pu les tester. Les trois sont bien, mais un seul me satisfait sur le long terme.\" \/>\n<meta name=\"robots\" content=\"noindex, nofollow\" \/>\n<meta property=\"og:locale\" content=\"fr_FR\" \/>\n<meta property=\"og:type\" content=\"article\" \/>\n<meta property=\"og:title\" content=\"L&#039;oreiller anti-transpiration &quot;Clima Flow&quot; est le vainqueur | BICO\" \/>\n<meta property=\"og:description\" content=\"Bico, fabricant suisse de literie, a trois nouveaux oreillers dans son assortiment. J\u2019ai pu les tester. Les 3 sont bien, mais 1 seul me satisfait sur le long terme.\" \/>\n<meta property=\"og:url\" content=\"https:\/\/bico.ch\/fr\/blog-du-sommeil\/90-nuits-trois-oreillers-un-vainqueur-le-clima-flow-de-bico\/\" \/>\n<meta property=\"og:site_name\" content=\"BICO\" \/>\n<meta property=\"article:publisher\" content=\"https:\/\/www.facebook.com\/bicoswitzerland\" \/>\n<meta property=\"article:modified_time\" content=\"2025-11-28T10:52:17+00:00\" \/>\n<meta property=\"og:image\" content=\"https:\/\/bico.ch\/wp-content\/uploads\/2023\/07\/bico-kopfkissen-test-alle-drei121-galaxus-guest-post.jpg\" \/>\n\t<meta property=\"og:image:width\" content=\"722\" \/>\n\t<meta property=\"og:image:height\" content=\"728\" \/>\n\t<meta property=\"og:image:type\" content=\"image\/jpeg\" \/>\n<script type=\"application\/ld+json\" class=\"yoast-schema-graph\">{\"@context\":\"https:\\\/\\\/schema.org\",\"@graph\":[{\"@type\":\"WebPage\",\"@id\":\"https:\\\/\\\/bico.ch\\\/fr\\\/blog-du-sommeil\\\/90-nuits-trois-oreillers-un-vainqueur-le-clima-flow-de-bico\\\/\",\"url\":\"https:\\\/\\\/bico.ch\\\/fr\\\/blog-du-sommeil\\\/90-nuits-trois-oreillers-un-vainqueur-le-clima-flow-de-bico\\\/\",\"name\":\"L'oreiller anti-transpiration \\\"Clima Flow\\\" vainqueur | BICO\",\"isPartOf\":{\"@id\":\"https:\\\/\\\/bico.ch\\\/fr\\\/#website\"},\"datePublished\":\"2023-07-13T09:34:57+00:00\",\"dateModified\":\"2025-11-28T10:52:17+00:00\",\"description\":\"Bico, a trois nouveaux oreillers dans son assortiment. J\u2019ai pu les tester. Les trois sont bien, mais un seul me satisfait sur le long terme.\",\"breadcrumb\":{\"@id\":\"https:\\\/\\\/bico.ch\\\/fr\\\/blog-du-sommeil\\\/90-nuits-trois-oreillers-un-vainqueur-le-clima-flow-de-bico\\\/#breadcrumb\"},\"inLanguage\":\"fr-FR\",\"potentialAction\":[{\"@type\":\"ReadAction\",\"target\":[\"https:\\\/\\\/bico.ch\\\/fr\\\/blog-du-sommeil\\\/90-nuits-trois-oreillers-un-vainqueur-le-clima-flow-de-bico\\\/\"]}]},{\"@type\":\"BreadcrumbList\",\"@id\":\"https:\\\/\\\/bico.ch\\\/fr\\\/blog-du-sommeil\\\/90-nuits-trois-oreillers-un-vainqueur-le-clima-flow-de-bico\\\/#breadcrumb\",\"itemListElement\":[{\"@type\":\"ListItem\",\"position\":1,\"name\":\"Startseite\",\"item\":\"https:\\\/\\\/bico.ch\\\/fr\\\/\"},{\"@type\":\"ListItem\",\"position\":2,\"name\":\"90 nuits, trois oreillers, un vainqueur : le \u00ab Clima Flow \u00bb de Bico\"}]},{\"@type\":\"WebSite\",\"@id\":\"https:\\\/\\\/bico.ch\\\/fr\\\/#website\",\"url\":\"https:\\\/\\\/bico.ch\\\/fr\\\/\",\"name\":\"BICO\",\"description\":\"F\u00fcr \u00e4 t\u00fc\u00fcf\u00e4 gsund\u00e4 Schlaaf.\u00ae\",\"publisher\":{\"@id\":\"https:\\\/\\\/bico.ch\\\/fr\\\/#organization\"},\"alternateName\":\"bico.ch\",\"potentialAction\":[{\"@type\":\"SearchAction\",\"target\":{\"@type\":\"EntryPoint\",\"urlTemplate\":\"https:\\\/\\\/bico.ch\\\/fr\\\/?s={search_term_string}\"},\"query-input\":{\"@type\":\"PropertyValueSpecification\",\"valueRequired\":true,\"valueName\":\"search_term_string\"}}],\"inLanguage\":\"fr-FR\"},{\"@type\":\"Organization\",\"@id\":\"https:\\\/\\\/bico.ch\\\/fr\\\/#organization\",\"name\":\"BICO\",\"url\":\"https:\\\/\\\/bico.ch\\\/fr\\\/\",\"logo\":{\"@type\":\"ImageObject\",\"inLanguage\":\"fr-FR\",\"@id\":\"https:\\\/\\\/bico.ch\\\/fr\\\/#\\\/schema\\\/logo\\\/image\\\/\",\"url\":\"https:\\\/\\\/bico.ch\\\/wp-content\\\/uploads\\\/2022\\\/11\\\/BICO_Logo_Black-e1667997604131.png\",\"contentUrl\":\"https:\\\/\\\/bico.ch\\\/wp-content\\\/uploads\\\/2022\\\/11\\\/BICO_Logo_Black-e1667997604131.png\",\"width\":2481,\"height\":1754,\"caption\":\"BICO\"},\"image\":{\"@id\":\"https:\\\/\\\/bico.ch\\\/fr\\\/#\\\/schema\\\/logo\\\/image\\\/\"},\"sameAs\":[\"https:\\\/\\\/www.facebook.com\\\/bicoswitzerland\",\"https:\\\/\\\/www.instagram.com\\\/bicoswitzerland\\\/\",\"https:\\\/\\\/www.youtube.com\\\/channel\\\/UCnyVAqYqj5XdkWKWY5CFJ3A\",\"https:\\\/\\\/www.linkedin.com\\\/showcase\\\/bicoswitzerland\\\/\"]}]}<\/script>\n<!-- \/ Yoast SEO Premium plugin. -->","yoast_head_json":{"title":"L'oreiller anti-transpiration \"Clima Flow\" vainqueur | BICO","description":"Bico, a trois nouveaux oreillers dans son assortiment. J\u2019ai pu les tester. Les trois sont bien, mais un seul me satisfait sur le long terme.","robots":{"index":"noindex","follow":"nofollow"},"og_locale":"fr_FR","og_type":"article","og_title":"L'oreiller anti-transpiration \"Clima Flow\" est le vainqueur | BICO","og_description":"Bico, fabricant suisse de literie, a trois nouveaux oreillers dans son assortiment. J\u2019ai pu les tester. Les 3 sont bien, mais 1 seul me satisfait sur le long terme.","og_url":"https:\/\/bico.ch\/fr\/blog-du-sommeil\/90-nuits-trois-oreillers-un-vainqueur-le-clima-flow-de-bico\/","og_site_name":"BICO","article_publisher":"https:\/\/www.facebook.com\/bicoswitzerland","article_modified_time":"2025-11-28T10:52:17+00:00","og_image":[{"width":722,"height":728,"url":"https:\/\/bico.ch\/wp-content\/uploads\/2023\/07\/bico-kopfkissen-test-alle-drei121-galaxus-guest-post.jpg","type":"image\/jpeg"}],"schema":{"@context":"https:\/\/schema.org","@graph":[{"@type":"WebPage","@id":"https:\/\/bico.ch\/fr\/blog-du-sommeil\/90-nuits-trois-oreillers-un-vainqueur-le-clima-flow-de-bico\/","url":"https:\/\/bico.ch\/fr\/blog-du-sommeil\/90-nuits-trois-oreillers-un-vainqueur-le-clima-flow-de-bico\/","name":"L'oreiller anti-transpiration \"Clima Flow\" vainqueur | BICO","isPartOf":{"@id":"https:\/\/bico.ch\/fr\/#website"},"datePublished":"2023-07-13T09:34:57+00:00","dateModified":"2025-11-28T10:52:17+00:00","description":"Bico, a trois nouveaux oreillers dans son assortiment. J\u2019ai pu les tester. Les trois sont bien, mais un seul me satisfait sur le long terme.","breadcrumb":{"@id":"https:\/\/bico.ch\/fr\/blog-du-sommeil\/90-nuits-trois-oreillers-un-vainqueur-le-clima-flow-de-bico\/#breadcrumb"},"inLanguage":"fr-FR","potentialAction":[{"@type":"ReadAction","target":["https:\/\/bico.ch\/fr\/blog-du-sommeil\/90-nuits-trois-oreillers-un-vainqueur-le-clima-flow-de-bico\/"]}]},{"@type":"BreadcrumbList","@id":"https:\/\/bico.ch\/fr\/blog-du-sommeil\/90-nuits-trois-oreillers-un-vainqueur-le-clima-flow-de-bico\/#breadcrumb","itemListElement":[{"@type":"ListItem","position":1,"name":"Startseite","item":"https:\/\/bico.ch\/fr\/"},{"@type":"ListItem","position":2,"name":"90 nuits, trois oreillers, un vainqueur : le \u00ab Clima Flow \u00bb de Bico"}]},{"@type":"WebSite","@id":"https:\/\/bico.ch\/fr\/#website","url":"https:\/\/bico.ch\/fr\/","name":"BICO","description":"F\u00fcr \u00e4 t\u00fc\u00fcf\u00e4 gsund\u00e4 Schlaaf.\u00ae","publisher":{"@id":"https:\/\/bico.ch\/fr\/#organization"},"alternateName":"bico.ch","potentialAction":[{"@type":"SearchAction","target":{"@type":"EntryPoint","urlTemplate":"https:\/\/bico.ch\/fr\/?s={search_term_string}"},"query-input":{"@type":"PropertyValueSpecification","valueRequired":true,"valueName":"search_term_string"}}],"inLanguage":"fr-FR"},{"@type":"Organization","@id":"https:\/\/bico.ch\/fr\/#organization","name":"BICO","url":"https:\/\/bico.ch\/fr\/","logo":{"@type":"ImageObject","inLanguage":"fr-FR","@id":"https:\/\/bico.ch\/fr\/#\/schema\/logo\/image\/","url":"https:\/\/bico.ch\/wp-content\/uploads\/2022\/11\/BICO_Logo_Black-e1667997604131.png","contentUrl":"https:\/\/bico.ch\/wp-content\/uploads\/2022\/11\/BICO_Logo_Black-e1667997604131.png","width":2481,"height":1754,"caption":"BICO"},"image":{"@id":"https:\/\/bico.ch\/fr\/#\/schema\/logo\/image\/"},"sameAs":["https:\/\/www.facebook.com\/bicoswitzerland","https:\/\/www.instagram.com\/bicoswitzerland\/","https:\/\/www.youtube.com\/channel\/UCnyVAqYqj5XdkWKWY5CFJ3A","https:\/\/www.linkedin.com\/showcase\/bicoswitzerland\/"]}]}},"_links":{"self":[{"href":"https:\/\/bico.ch\/fr\/wp-json\/wp\/v2\/blog\/220569","targetHints":{"allow":["GET"]}}],"collection":[{"href":"https:\/\/bico.ch\/fr\/wp-json\/wp\/v2\/blog"}],"about":[{"href":"https:\/\/bico.ch\/fr\/wp-json\/wp\/v2\/types\/blog"}],"author":[{"embeddable":true,"href":"https:\/\/bico.ch\/fr\/wp-json\/wp\/v2\/users\/50"}],"replies":[{"embeddable":true,"href":"https:\/\/bico.ch\/fr\/wp-json\/wp\/v2\/comments?post=220569"}],"version-history":[{"count":1,"href":"https:\/\/bico.ch\/fr\/wp-json\/wp\/v2\/blog\/220569\/revisions"}],"predecessor-version":[{"id":757036,"href":"https:\/\/bico.ch\/fr\/wp-json\/wp\/v2\/blog\/220569\/revisions\/757036"}],"wp:attachment":[{"href":"https:\/\/bico.ch\/fr\/wp-json\/wp\/v2\/media?parent=220569"}],"wp:term":[{"taxonomy":"blog-taxonomies","embeddable":true,"href":"https:\/\/bico.ch\/fr\/wp-json\/wp\/v2\/blog-taxonomies?post=220569"}],"curies":[{"name":"wp","href":"https:\/\/api.w.org\/{rel}","templated":true}]}}