{"id":338725,"date":"2024-04-23T16:40:45","date_gmt":"2024-04-23T14:40:45","guid":{"rendered":"https:\/\/bico.ch\/schlafblog\/fuenf-dinge-auf-die-es-bei-der-herstellung-einer-guten-matratze-ankommt\/"},"modified":"2025-11-28T11:49:31","modified_gmt":"2025-11-28T10:49:31","slug":"criteres-qualite-essentiels-bons-matelas","status":"publish","type":"blog","link":"https:\/\/bico.ch\/fr\/blog-du-sommeil\/criteres-qualite-essentiels-bons-matelas\/","title":{"rendered":"Cinq \u00e9l\u00e9ments essentiels pour fabriquer un bon matelas"},"content":{"rendered":"\n<div id=\"lead-text-block_037a793fca3f45d33964c1536b979c35\" class=\"lead-text \n mt-medium mb-medium\">\n      <div class=\"container\">\n      <div class=\"row\">\n        <div class=\"offset-xl-2 col-xl-8\">\n\n          \n          \n          \n                      <div class=\"wysiwyg text text-center \">\n              <p>Ma visite \u00e0 l\u2019usine de <a href=\"https:\/\/bico.ch\/fr\/blog-du-sommeil\/test-matelas-suisse-2025-2026-bico-gagnant\/\">matelas de Bico<\/a> \u00e0 Sch\u00e4nis m\u2019a appris beaucoup de choses passionnantes sur mon syst\u00e8me de couchage. Le nombre de d\u00e9tails auxquels il faut penser, simplement pour que je puisse bien dormir, est impressionnant.<\/p>\n            <\/div>\n          \n        <\/div>\n      <\/div>\n    <\/div>\n  <\/div>\n\n\n<div id=\"anker-leiste-block_5d1864ea3d88bcd55ff413c453559d8b\" class=\"anker-leiste \n mt-medium variante-2\">\n\n      <div class=\"container\">\n      <div class=\"row justify-content-center\">\n\n                  <div class=\"col-xxl-10\">\n            <div class=\"row gx-xl-5\">\n                              <div class=\"col-md-6 col-xl-4 anchor-item-wrapper d-flex\">\n                  <a class=\"anchor-item text-500\" href=\"#noyau\">\n                    <span>1. Noyau en mousse et qualit\u00e9 du mat\u00e9riau<\/span>\n                    <i class=\"fak fa-icon-anchorlink\"><\/i>\n                  <\/a>\n                <\/div>\n                              <div class=\"col-md-6 col-xl-4 anchor-item-wrapper d-flex\">\n                  <a class=\"anchor-item text-500\" href=\"#titel-text-block_b9500a84b6f0280dce459e00200b18ca\">\n                    <span>2. Housses faites main et adaptation individuelle<\/span>\n                    <i class=\"fak fa-icon-anchorlink\"><\/i>\n                  <\/a>\n                <\/div>\n                              <div class=\"col-md-6 col-xl-4 anchor-item-wrapper d-flex\">\n                  <a class=\"anchor-item text-500\" href=\"#titel-text-block_3d085234f16baa5e45291652ee67e79a\">\n                    <span>3. Innovation technologique et recherche<\/span>\n                    <i class=\"fak fa-icon-anchorlink\"><\/i>\n                  <\/a>\n                <\/div>\n                              <div class=\"col-md-6 col-xl-4 anchor-item-wrapper d-flex\">\n                  <a class=\"anchor-item text-500\" href=\"#titel-text-block_022fe2707018e0396fc21e37adc50025\">\n                    <span>4. Impact environnemental et durabilit\u00e9<\/span>\n                    <i class=\"fak fa-icon-anchorlink\"><\/i>\n                  <\/a>\n                <\/div>\n                              <div class=\"col-md-6 col-xl-4 anchor-item-wrapper d-flex\">\n                  <a class=\"anchor-item text-500\" href=\"#titel-text-block_0a2bee9dfe24957535365204ba69c114\">\n                    <span>5. Rapport qualit\u00e9\/prix et investissement \u00e0 long terme<\/span>\n                    <i class=\"fak fa-icon-anchorlink\"><\/i>\n                  <\/a>\n                <\/div>\n                          <\/div>\n          <\/div>\n        \n\n      <\/div>\n    <\/div>\n  \n<\/div>\n\n\n<div id=\"titel-text-block_10ea1a6adbcd8e9cde83fa7b5c9b45aa\" class=\"titel-text \n mt-medium\">\n\n      <div class=\"container\">\n\n      <div class=\"row justify-content-center\">\n        <div class=\"col-md-8 col-xl-6\">\n                                                    <div class=\"wysiwyg text  \">\n              <p>Rocco Cristofaro, Innovation Manager chez Bico, et Markus L\u00e4ser, responsable de la production, ont \u00e9t\u00e9 mes principales sources pour cet article. Mais j\u2019ai aussi pu m\u2019entretenir avec d\u2019autres personnes chez Bico et chez le fournisseur de mousse. Toutes ont r\u00e9pondu tr\u00e8s franchement \u00e0 mes questions et n\u2019en ont laiss\u00e9 aucune sans r\u00e9ponse.<\/p>\n            <\/div>\n                            <\/div>\n      <\/div>\n    <\/div>\n  <\/div>\n\n\n<div id=\"noyau\" class=\"titel-text \n mt-medium\">\n\n      <div class=\"container\">\n\n      <div class=\"row justify-content-center\">\n        <div class=\"col-md-8 col-xl-6\">\n                      <h3 class=\"h2   \">\n              1. Noyau en mousse et qualit\u00e9 du mat\u00e9riau            <\/h3>\n                                                    <div class=\"wysiwyg text  \">\n              <p>\u00abLe fait que tu te r\u00e9veilles repos\u00e9 ou tendu le matin d\u00e9pend dans une large mesure du noyau du matelas\u00bb, m\u2019explique Rocco Cristofaro, Innovation Manager chez Bico. Le choix de mousses de haute qualit\u00e9 constitue la base d\u2019un sommeil r\u00e9parateur. En collaborant avec Foampartner AG \u00e0 Bubikon, un fabricant leader de mousses polyur\u00e9thane (PU), Bico garantit <a href=\"https:\/\/bico.ch\/fr\/blog-du-sommeil\/le-test-des-matelas-de-kassensturz-2021\/\">la qualit\u00e9 de la production<\/a>. Sans un bon noyau, le matelas ne peut pas assurer un sommeil r\u00e9parateur ni donc une satisfaction \u00e0 long terme. Le type de mousse, mais aussi sa composition et sa densit\u00e9, sont d\u00e9terminants pour le confort et la long\u00e9vit\u00e9. Foampartner fournit \u00e0 Bico de nombreuses sortes de mousses diff\u00e9rentes, de celles particuli\u00e8rement perm\u00e9ables \u00e0 l\u2019air \u00e0 celles ax\u00e9es sur le soutien du corps. Dans un grand nombre de ses matelas, Bico en associe plusieurs, alors que les matelas bon march\u00e9 se limitent \u00e0 un ou deux types standard.<\/p>\n            <\/div>\n                            <\/div>\n      <\/div>\n    <\/div>\n  <\/div>\n\n\n<div id=\"zitat-block_5e0726fe1d371096606078681c612166\" class=\"zitat \n mt-medium mb-medium\">\n\n      <div class=\"container\">\n                        <div class=\"row\">\n            <div class=\"offset-lg-2 col-lg-8\">\n              <blockquote class=\"text-center mb-0\">\n                <div class=\"wysiwyg quote-text text-400\">\n                  <p>\u00abChaque syste\u0300me de lit est contro\u0302le\u0301 d\u2019apre\u0300s quatre crite\u0300res: climat du lit, hygie\u0300ne, ergonomie et durabilite\u0301. A l\u2019aide des re\u0301sultats et des connaissances que nous en tirons, nous pouvons de\u0301velopper de nouveaux produits encore meilleurs. Ce processus s\u2019appelle la &lt;re\u0301tro-inge\u0301nierie&gt;\u00bb<\/p>\n                <\/div>\n                <cite class=\"d-block\">\n                  <strong>Konchok Chogye<\/strong>\n                                      <p class=\"author-desc mb-0 text-small text-medium\">Responsable du management de la qualit\u00e9 et Good Night&rsquo;s SleepLab<\/p>\n                                  <\/cite>\n              <\/blockquote>\n            <\/div>\n          <\/div>\n                        <\/div>\n  \n<\/div>\n\n\n<div id=\"titel-text-block_b9500a84b6f0280dce459e00200b18ca\" class=\"titel-text \n mt-medium\">\n\n      <div class=\"container\">\n\n      <div class=\"row justify-content-center\">\n        <div class=\"col-md-8 col-xl-6\">\n                      <h3 class=\"h2   \">\n              2. Housses faites main et adaptation individuelle            <\/h3>\n                                                    <div class=\"wysiwyg text  \">\n              <p>\u00abChaque tissu se comporte un peu diff\u00e9remment. Aucune machine ne peut en tenir compte, cela exige beaucoup de doigt\u00e9\u00bb, explique Markus L\u00e4ser, responsable de la production chez Bico. Le savoir-faire des couturi\u00e8res exp\u00e9riment\u00e9es qui travaillent dans le grand atelier de l\u2019usine de Sch\u00e4nis garantit un ajustement sur mesure et un soutien optimal \u00e0 la personne allong\u00e9e sur le matelas. Tri\u00e9s sur le volet, les mat\u00e9riaux haut de gamme des housses sont en outre gage de long\u00e9vit\u00e9 et de surface agr\u00e9able. Cette adaptation individuelle permet \u00e0 BICO de r\u00e9pondre aux besoins et aux attentes sp\u00e9cifiques de la client\u00e8le, que ce soit <a href=\"https:\/\/bico.ch\/fr\/blog-du-sommeil\/comment-trouver-le-bon-degre-de-fermete-pour-votre-matelas\/\">en termes de fermet\u00e9<\/a>, de mati\u00e8re ou de design. Mieux encore, Bico mise sur <a href=\"https:\/\/bico.ch\/fr\/swissness\/\">la laine de mouton suisse<\/a> et a ainsi pu redonner vie \u00e0 un secteur \u00e9conomique presque oubli\u00e9: 26 bergeries lui en fournissent r\u00e9guli\u00e8rement pour ses housses.<\/p>\n            <\/div>\n                            <\/div>\n      <\/div>\n    <\/div>\n  <\/div>\n\n\n<div id=\"zitat-block_0196b0f5e2c888b89bb66b159312b048\" class=\"zitat \n mt-medium mb-medium\">\n\n      <div class=\"container\">\n                        <div class=\"row\">\n            <div class=\"offset-lg-2 col-lg-8\">\n              <blockquote class=\"text-center mb-0\">\n                <div class=\"wysiwyg quote-text text-400\">\n                  <p>\u00abLes diff\u00e9rentes \u00e9tapes de travail sont certes effectu\u00e9es \u00e0 l\u2019aide de machines, mais la pr\u00e9cision des coutures et des bordures, ainsi que l\u2019ajustement parfait des divers composants, sont dus au savoir-faire et \u00e0 la dext\u00e9rit\u00e9 de nos collaborateurs.\u00bb<\/p>\n                <\/div>\n                <cite class=\"d-block\">\n                  <strong>Markus Laeser<\/strong>\n                                      <p class=\"author-desc mb-0 text-small text-medium\">Chef de production<\/p>\n                                  <\/cite>\n              <\/blockquote>\n            <\/div>\n          <\/div>\n                        <\/div>\n  \n<\/div>\n\n\n<div id=\"titel-text-block_3d085234f16baa5e45291652ee67e79a\" class=\"titel-text \n mt-medium\">\n\n      <div class=\"container\">\n\n      <div class=\"row justify-content-center\">\n        <div class=\"col-md-8 col-xl-6\">\n                      <h3 class=\"h2   \">\n              3. Innovation technologique et recherche            <\/h3>\n                                                    <div class=\"wysiwyg text  \">\n              <p>\u00abNous investissons en permanence dans <a href=\"https:\/\/bico.ch\/fr\/recherche-developpement\/\">la recherche et le d\u00e9veloppement<\/a> afin de proposer des solutions innovantes pour un sommeil sain et r\u00e9parateur\u00bb, explique Rocco Cristofaro. L\u2019\u00e9quipe de d\u00e9veloppement travaille sur de nouveaux mat\u00e9riaux, technologies et designs afin de s\u2019assurer que les matelas r\u00e9pondent aux besoins en constante \u00e9volution de la client\u00e8le. Des syst\u00e8mes innovants de r\u00e9partition de la pression aux technologies am\u00e9lior\u00e9es de r\u00e9gulation de l\u2019humidit\u00e9, tous les aspects sont pris en compte pour garantir une exp\u00e9rience de sommeil optimale. Bico met \u00e9galement \u00e0 profit les d\u00e9couvertes en m\u00e9decine et en ergonomie dans le but de perfectionner sans cesse les matelas et de maximiser le confort de sommeil. L\u2019\u00e9quipe de Sch\u00e4nis dispose pour cela d\u2019un laboratoire. Les oreillers et les matelas y sont soumis \u00e0 des tests de long\u00e9vit\u00e9, les housses sont lav\u00e9es \u00e0 plusieurs reprises pour v\u00e9rifier leur ajustement et une chambre climatique simule le temps que le matelas met \u00e0 \u00e9vacuer l\u2019humidit\u00e9 apr\u00e8s une nuit pass\u00e9e \u00e0 transpirer.<\/p>\n            <\/div>\n                            <\/div>\n      <\/div>\n    <\/div>\n  <\/div>\n\n\n<div id=\"titel-text-block_022fe2707018e0396fc21e37adc50025\" class=\"titel-text \n mt-medium\">\n\n      <div class=\"container\">\n\n      <div class=\"row justify-content-center\">\n        <div class=\"col-md-8 col-xl-6\">\n                      <h3 class=\"h2   \">\n              4. Impact environnemental et durabilit\u00e9            <\/h3>\n                                                    <div class=\"wysiwyg text  \">\n              <p>\u00abLa durabilit\u00e9 commence par la r\u00e9gionalit\u00e9\u00bb, affirme avec conviction Markus L\u00e4ser, le directeur de production. Afin de limiter le plus possible son <a href=\"https:\/\/bico.ch\/fr\/durabilite\/\">empreinte \u00e9cologique<\/a>, Bico prend des mesures comme utiliser des mat\u00e9riaux recycl\u00e9s et soutenir des programmes de seconde vie. Am\u00e9liorant sans cesse ses processus de production, la marque s\u2019efforce de proposer des solutions respectueuses de l\u2019environnement et de promouvoir des pratiques durables. Elle est non seulement attentive \u00e0 l\u2019impact environnemental des mat\u00e9riaux, mais aussi \u00e0 la r\u00e9duction des d\u00e9chets et des \u00e9missions tout au long de la fabrication. L\u2019empreinte \u00e9cologique d\u2019un matelas reste importante, notamment en raison des d\u00e9riv\u00e9s p\u00e9troliers qui entrent dans la composition des mousses. Mais Bico a entrepris de la r\u00e9duire consid\u00e9rablement.<\/p>\n            <\/div>\n                            <\/div>\n      <\/div>\n    <\/div>\n  <\/div>\n\n\n<div id=\"titel-text-block_0a2bee9dfe24957535365204ba69c114\" class=\"titel-text \n mt-medium\">\n\n      <div class=\"container\">\n\n      <div class=\"row justify-content-center\">\n        <div class=\"col-md-8 col-xl-6\">\n                      <h3 class=\"h2   \">\n              5. Rapport qualit\u00e9\/prix et investissement \u00e0 long terme            <\/h3>\n                                                    <div class=\"wysiwyg text  \">\n              <p>\u00abUn matelas est un investissement \u00e0 long terme dans la sant\u00e9 et le bien-\u00eatre\u00bb, souligne Rocco Cristofaro. M\u00eame s\u2019ils sont plus on\u00e9reux, les matelas haut de gamme offrent un rapport qualit\u00e9\/prix imbattable. Un achat raisonn\u00e9, ax\u00e9 sur la qualit\u00e9, la long\u00e9vit\u00e9 et le confort, est rentable \u00e0 longue \u00e9ch\u00e9ance et assure un sommeil r\u00e9parateur. La dur\u00e9e de vie et les b\u00e9n\u00e9fices pour la sant\u00e9 d\u2019un matelas de qualit\u00e9 sup\u00e9rieure l\u2019emportent sur le co\u00fbt initial, il n\u2019y a qu\u2019\u00e0 songer au tarif d\u2019une heure de physioth\u00e9rapie. C\u2019est pourquoi il est important de consid\u00e9rer la valeur d\u2019un matelas comme un investissement \u00e0 long terme dans la qualit\u00e9 du sommeil et le bien-\u00eatre.<\/p>\n            <\/div>\n                            <\/div>\n      <\/div>\n    <\/div>\n  <\/div>\n\n\n<div id=\"produktempfehlungen-block_38c7565837bbcf74808f67be5d6fcf0d\" class=\"produktempfehlungen \n mt-medium mb-medium\">\n\n      <div class=\"container\">\n\n      \n      <div class=\"swiper produktempfehlungen-swiper\">\n        <div class=\"swiper-wrapper\">\n                                    <div class=\"swiper-slide\">\n                <div class=\"woocommerce \"><ul class=\"products columns-4\">\n<li class=\"product type-product post-53264 status-publish first instock product_cat-matelas-et-surmatelas has-post-thumbnail taxable shipping-taxable purchasable product-type-variable has-default-attributes\">\n\t<div class=\"tags-wrapper\">\n\t\t\n\t\t\t<\/div>\n\n\t<a href=\"https:\/\/bico.ch\/fr\/produit\/matelas-bodyfine\/\" class=\"woocommerce-LoopProduct-link woocommerce-loop-product__link\"><div class=\"thumbnail-wrapper\"><img decoding=\"async\" loading=\"lazy\" width=\"600\" height=\"400\" src=\"https:\/\/bico.ch\/wp-content\/uploads\/2022\/12\/01-bico-matratze-bodyfine-cut-600x400.webp\" class=\"attachment-woocommerce_thumbnail size-woocommerce_thumbnail\" alt=\"BICO BodyFine Matratze\" \/><img decoding=\"async\" loading=\"lazy\" src=\"https:\/\/bico.ch\/wp-content\/uploads\/2024\/10\/03-bico-matratze-bodyfine-v2-aspect-ratio-448-340-1.webp\" alt=\"BICO Matratze Bodyfine auf Bettgestell mit Duvet\" class=\"img-fluid attachment-woocommerce_thumbnail-overlay\" \/><\/div><h2 class=\"woocommerce-loop-product__title\">BodyFine<\/h2>\n\n\t\t\t<div class=\"woocommerce-loop-product__lead\">\n\t\t\tLe top des matelas de d\u00e9tente: une sensation enveloppante comme un c\u00e2lin. \t\t<\/div>\n\t\n\n\t<div class=\"star-rating\" role=\"img\" aria-label=\"Note 5 sur 5\"><span style=\"width:100%\">Note <strong class=\"rating\">5<\/strong> sur 5<\/span><\/div>\n\t<div class=\"price-wrapper\">\n\t\t<span class=\"price\">\n\t\t\t\t\t\t\t\t\t\t\t\t\u00e0 partir de CHF 2&rsquo;590.00\t\t\t\t\t\t\t\t\t<\/span>\n\n\t<\/div>\n\n<\/a><span class=\"gtm4wp_productdata\" style=\"display:none; visibility:hidden;\" data-gtm4wp_product_data=\"{&quot;internal_id&quot;:53264,&quot;item_id&quot;:&quot;H1016&quot;,&quot;item_name&quot;:&quot;BodyFine&quot;,&quot;sku&quot;:&quot;H1016&quot;,&quot;price&quot;:2590,&quot;stocklevel&quot;:null,&quot;stockstatus&quot;:&quot;instock&quot;,&quot;google_business_vertical&quot;:&quot;retail&quot;,&quot;item_category&quot;:&quot;Matelas &amp; surmatelas&quot;,&quot;id&quot;:&quot;H1016&quot;,&quot;productlink&quot;:&quot;https:\\\/\\\/bico.ch\\\/fr\\\/produit\\\/matelas-bodyfine\\\/&quot;,&quot;item_list_name&quot;:&quot;Liste g\\u00e9n\\u00e9rale des produits&quot;,&quot;index&quot;:1,&quot;product_type&quot;:&quot;variable&quot;,&quot;item_brand&quot;:&quot;&quot;}\"><\/span><\/li><\/ul>\n<\/div>              <\/div>\n                                                <div class=\"swiper-slide\">\n                <div class=\"woocommerce \"><ul class=\"products columns-4\">\n<li class=\"product type-product post-50085 status-publish first instock product_cat-matelas-et-surmatelas product_tag-populaire has-post-thumbnail taxable shipping-taxable purchasable product-type-variable has-default-attributes\">\n\t<div class=\"tags-wrapper\">\n\t\t\n\t\t\t\t\t\t\t\t\t<span class=\"tag-item default\">\n\t\t\t\t\tPOPULAIRE\t\t\t\t<\/span>\n\t\t\t\t\t\t<\/div>\n\n\t<a href=\"https:\/\/bico.ch\/fr\/produit\/matelas-climafine\/\" class=\"woocommerce-LoopProduct-link woocommerce-loop-product__link\"><div class=\"thumbnail-wrapper\"><img decoding=\"async\" loading=\"lazy\" width=\"600\" height=\"400\" src=\"https:\/\/bico.ch\/wp-content\/uploads\/2022\/10\/01-bico-matratze-climafine-cut-2-600x400.webp\" class=\"attachment-woocommerce_thumbnail size-woocommerce_thumbnail\" alt=\"BICO Matratze Climafine h1247 Aufbau Matratzenkern bietet in den verschiedenen Koerperzonen die bestmoegliche Stuetzung und Druckentlastung fuer einen gesunden Schlaf\" \/><img decoding=\"async\" loading=\"lazy\" src=\"https:\/\/bico.ch\/wp-content\/uploads\/2024\/10\/03-bico-matratze-climafine-h1247-aspect-ratio-448-340.webp\" alt=\"BICO Matratze Climafine h1247 auf Bettgestell mit Duvet\" class=\"img-fluid attachment-woocommerce_thumbnail-overlay\" \/><\/div><h2 class=\"woocommerce-loop-product__title\">ClimaFine<\/h2>\n\n\t\t\t<div class=\"woocommerce-loop-product__lead\">\n\t\t\tLe top des matelas climatis\u00e9s, excellent climat de lit et soutien du corps.\t\t<\/div>\n\t\n\n\t\n\t<div class=\"price-wrapper\">\n\t\t<span class=\"price\">\n\t\t\t\t\t\t\t\t\t\t\t\t\u00e0 partir de CHF 2&rsquo;590.00\t\t\t\t\t\t\t\t\t<\/span>\n\n\t<\/div>\n\n<\/a><span class=\"gtm4wp_productdata\" style=\"display:none; visibility:hidden;\" data-gtm4wp_product_data=\"{&quot;internal_id&quot;:50085,&quot;item_id&quot;:&quot;H1247&quot;,&quot;item_name&quot;:&quot;ClimaFine&quot;,&quot;sku&quot;:&quot;H1247&quot;,&quot;price&quot;:2590,&quot;stocklevel&quot;:null,&quot;stockstatus&quot;:&quot;instock&quot;,&quot;google_business_vertical&quot;:&quot;retail&quot;,&quot;item_category&quot;:&quot;Matelas &amp; surmatelas&quot;,&quot;id&quot;:&quot;H1247&quot;,&quot;productlink&quot;:&quot;https:\\\/\\\/bico.ch\\\/fr\\\/produit\\\/matelas-climafine\\\/&quot;,&quot;item_list_name&quot;:&quot;Liste g\\u00e9n\\u00e9rale des produits&quot;,&quot;index&quot;:1,&quot;product_type&quot;:&quot;variable&quot;,&quot;item_brand&quot;:&quot;&quot;}\"><\/span><\/li><\/ul>\n<\/div>              <\/div>\n                                                <div class=\"swiper-slide\">\n                <div class=\"woocommerce \"><ul class=\"products columns-4\">\n<li class=\"product type-product post-50230 status-publish first instock product_cat-matelas-et-surmatelas product_tag-best-seller has-post-thumbnail taxable shipping-taxable purchasable product-type-variable has-default-attributes\">\n\t<div class=\"tags-wrapper\">\n\t\t\n\t\t\t\t\t\t\t\t\t<span class=\"tag-item default\">\n\t\t\t\t\tBEST SELLER\t\t\t\t<\/span>\n\t\t\t\t\t\t<\/div>\n\n\t<a href=\"https:\/\/bico.ch\/fr\/produit\/matelas-climaluxe\/\" class=\"woocommerce-LoopProduct-link woocommerce-loop-product__link\"><div class=\"thumbnail-wrapper\"><img decoding=\"async\" loading=\"lazy\" width=\"600\" height=\"400\" src=\"https:\/\/bico.ch\/wp-content\/uploads\/2022\/10\/01-bico-matratze-climaluxe-h1241-cut-1-600x400.webp\" class=\"attachment-woocommerce_thumbnail size-woocommerce_thumbnail\" alt=\"BICO Matratze Climaluxe h1241 Matratze Aufbau\" \/><img decoding=\"async\" loading=\"lazy\" src=\"https:\/\/bico.ch\/wp-content\/uploads\/2024\/10\/03-bico-matratze-bodyfine-v2-aspect-ratio-448-340.webp\" alt=\"BICO Matratze Bodyfine auf Bettgestell mit Duvet\" class=\"img-fluid attachment-woocommerce_thumbnail-overlay\" \/><\/div><h2 class=\"woocommerce-loop-product__title\">ClimaLuxe<\/h2>\n\n\t\t\t<div class=\"woocommerce-loop-product__lead\">\n\t\t\tBest-seller des matelas BICO, comble tous les v\u0153ux en termes de climat et de ventilation. \t\t<\/div>\n\t\n\n\t<div class=\"star-rating\" role=\"img\" aria-label=\"Note 5 sur 5\"><span style=\"width:100%\">Note <strong class=\"rating\">5<\/strong> sur 5<\/span><\/div>\n\t<div class=\"price-wrapper\">\n\t\t<span class=\"price\">\n\t\t\t\t\t\t\t\t\t\t\t\t\u00e0 partir de CHF 2&rsquo;040.00\t\t\t\t\t\t\t\t\t<\/span>\n\n\t<\/div>\n\n<\/a><span class=\"gtm4wp_productdata\" style=\"display:none; visibility:hidden;\" data-gtm4wp_product_data=\"{&quot;internal_id&quot;:50230,&quot;item_id&quot;:&quot;H1241&quot;,&quot;item_name&quot;:&quot;ClimaLuxe&quot;,&quot;sku&quot;:&quot;H1241&quot;,&quot;price&quot;:2040,&quot;stocklevel&quot;:null,&quot;stockstatus&quot;:&quot;instock&quot;,&quot;google_business_vertical&quot;:&quot;retail&quot;,&quot;item_category&quot;:&quot;Matelas &amp; surmatelas&quot;,&quot;id&quot;:&quot;H1241&quot;,&quot;productlink&quot;:&quot;https:\\\/\\\/bico.ch\\\/fr\\\/produit\\\/matelas-climaluxe\\\/&quot;,&quot;item_list_name&quot;:&quot;Liste g\\u00e9n\\u00e9rale des produits&quot;,&quot;index&quot;:1,&quot;product_type&quot;:&quot;variable&quot;,&quot;item_brand&quot;:&quot;&quot;}\"><\/span><\/li><\/ul>\n<\/div>              <\/div>\n                              <\/div>\n        <div class=\"swiper-button-wrapper\">\n          <div class=\"swiper-button-prev\"><?xml version=\"1.0\"?>\n<svg xmlns=\"http:\/\/www.w3.org\/2000\/svg\" width=\"24\" height=\"24\" viewBox=\"0 0 24 24\" fill=\"none\" class=\"icon icon_arrow_left-icon \" aria-labelledby=\"retour-icon\" role=\"img\">\n<g clip-path=\"url(#clip0_11139_13198)\">\n<path d=\"M11 18.9999L4 11.9999L11 4.99992\" stroke=\"#0F1531\"\/>\n<path d=\"M4 12L21.25 12\" stroke=\"#0F1531\"\/>\n<\/g>\n<defs>\n<clipPath id=\"clip0_11139_13198\">\n<rect width=\"24\" height=\"24\" rx=\"12\" transform=\"matrix(-1 0 0 1 24 0)\" fill=\"white\"\/>\n<\/clipPath>\n<\/defs>\n<title id=\"retour-icon\">Retour<\/title><\/svg>\n<\/div>\n          <div class=\"swiper-button-next\"><?xml version=\"1.0\"?>\n<svg xmlns=\"http:\/\/www.w3.org\/2000\/svg\" width=\"24\" height=\"24\" viewBox=\"0 0 24 24\" fill=\"none\" class=\"icon icon_arrow_right-icon \" aria-labelledby=\"continuer-icon\" role=\"img\">\n<path d=\"M13 18.9999L20 11.9999L13 4.99992\" stroke=\"#0F1531\"\/>\n<path d=\"M20 12L2.75 12\" stroke=\"#0F1531\"\/>\n<title id=\"continuer-icon\">Continuer<\/title><\/svg>\n<\/div>\n        <\/div>\n      <\/div>\n\n    <\/div>\n  \n<\/div>\n\n\n<div id=\"titel-text-block_95513ad12b810856df2ddcc06cc51448\" class=\"titel-text \n mt-medium\">\n\n      <div class=\"container\">\n\n      <div class=\"row justify-content-center\">\n        <div class=\"col-md-8 col-xl-6\">\n                                                    <div class=\"wysiwyg text  \">\n              <p>Le magazine Galaxus propose \u00e9galement un <a href=\"https:\/\/www.galaxus.ch\/fr\/page\/technologie-et-travail-manuel-les-secrets-de-fabrication-des-matelas-bico-a-schaenis-30073\" target=\"_blank\" rel=\"noopener\">reportage d\u00e9taill\u00e9 sur la fabrication des matelas<\/a>.<\/p>\n<p>L\u2019auteur Martin Jungfer, Head of Content, y est responsable de l\u2019ensemble des articles r\u00e9dactionnels<\/p>\n            <\/div>\n                            <\/div>\n      <\/div>\n    <\/div>\n  <\/div>","protected":false},"author":50,"comment_status":"open","ping_status":"closed","template":"","blog-taxonomies":[1042,1025,1020,1021],"class_list":["post-338725","blog","type-blog","status-publish","hentry"],"acf":[],"yoast_head":"<!-- This site is optimized with the Yoast SEO Premium plugin v27.4 (Yoast SEO v27.5) - https:\/\/yoast.com\/product\/yoast-seo-premium-wordpress\/ -->\n<title>5 crit\u00e8res de qualit\u00e9 essentiels pour bons matelas | BICO<\/title>\n<meta name=\"description\" content=\"5 \u00e9l\u00e9ments essentiels pour fabriquer un bon matelas. Un reportage sur le matelas high-tech.\" \/>\n<meta name=\"robots\" content=\"index, follow, max-snippet:-1, max-image-preview:large, max-video-preview:-1\" \/>\n<link rel=\"canonical\" href=\"https:\/\/bico.ch\/fr\/blog-du-sommeil\/criteres-qualite-essentiels-bons-matelas\/\" \/>\n<meta property=\"og:locale\" content=\"fr_FR\" \/>\n<meta property=\"og:type\" content=\"article\" \/>\n<meta property=\"og:title\" content=\"Essentiels pour de bons matelas: les crit\u00e8res de qualit\u00e9 BICO | BICO\" \/>\n<meta property=\"og:description\" content=\"Cinq \u00e9l\u00e9ments essentiels pour fabriquer un bon matelas. Un reportage sur le matelas high-tech.\" \/>\n<meta property=\"og:url\" content=\"https:\/\/bico.ch\/fr\/blog-du-sommeil\/criteres-qualite-essentiels-bons-matelas\/\" \/>\n<meta property=\"og:site_name\" content=\"BICO\" \/>\n<meta property=\"article:publisher\" content=\"https:\/\/www.facebook.com\/bicoswitzerland\" \/>\n<meta property=\"article:modified_time\" content=\"2025-11-28T10:49:31+00:00\" \/>\n<meta property=\"og:image\" content=\"https:\/\/bico.ch\/wp-content\/uploads\/2024\/04\/blog-beitrag-matratzenherstellung-bico-298x300.jpg\" \/>\n<script type=\"application\/ld+json\" class=\"yoast-schema-graph\">{\"@context\":\"https:\\\/\\\/schema.org\",\"@graph\":[{\"@type\":\"WebPage\",\"@id\":\"https:\\\/\\\/bico.ch\\\/fr\\\/blog-du-sommeil\\\/criteres-qualite-essentiels-bons-matelas\\\/\",\"url\":\"https:\\\/\\\/bico.ch\\\/fr\\\/blog-du-sommeil\\\/criteres-qualite-essentiels-bons-matelas\\\/\",\"name\":\"5 crit\u00e8res de qualit\u00e9 essentiels pour bons matelas | BICO\",\"isPartOf\":{\"@id\":\"https:\\\/\\\/bico.ch\\\/fr\\\/#website\"},\"datePublished\":\"2024-04-23T14:40:45+00:00\",\"dateModified\":\"2025-11-28T10:49:31+00:00\",\"description\":\"5 \u00e9l\u00e9ments essentiels pour fabriquer un bon matelas. Un reportage sur le matelas high-tech.\",\"breadcrumb\":{\"@id\":\"https:\\\/\\\/bico.ch\\\/fr\\\/blog-du-sommeil\\\/criteres-qualite-essentiels-bons-matelas\\\/#breadcrumb\"},\"inLanguage\":\"fr-FR\",\"potentialAction\":[{\"@type\":\"ReadAction\",\"target\":[\"https:\\\/\\\/bico.ch\\\/fr\\\/blog-du-sommeil\\\/criteres-qualite-essentiels-bons-matelas\\\/\"]}]},{\"@type\":\"BreadcrumbList\",\"@id\":\"https:\\\/\\\/bico.ch\\\/fr\\\/blog-du-sommeil\\\/criteres-qualite-essentiels-bons-matelas\\\/#breadcrumb\",\"itemListElement\":[{\"@type\":\"ListItem\",\"position\":1,\"name\":\"Startseite\",\"item\":\"https:\\\/\\\/bico.ch\\\/fr\\\/\"},{\"@type\":\"ListItem\",\"position\":2,\"name\":\"Cinq \u00e9l\u00e9ments essentiels pour fabriquer un bon matelas\"}]},{\"@type\":\"WebSite\",\"@id\":\"https:\\\/\\\/bico.ch\\\/fr\\\/#website\",\"url\":\"https:\\\/\\\/bico.ch\\\/fr\\\/\",\"name\":\"BICO\",\"description\":\"F\u00fcr \u00e4 t\u00fc\u00fcf\u00e4 gsund\u00e4 Schlaaf.\u00ae\",\"publisher\":{\"@id\":\"https:\\\/\\\/bico.ch\\\/fr\\\/#organization\"},\"alternateName\":\"bico.ch\",\"potentialAction\":[{\"@type\":\"SearchAction\",\"target\":{\"@type\":\"EntryPoint\",\"urlTemplate\":\"https:\\\/\\\/bico.ch\\\/fr\\\/?s={search_term_string}\"},\"query-input\":{\"@type\":\"PropertyValueSpecification\",\"valueRequired\":true,\"valueName\":\"search_term_string\"}}],\"inLanguage\":\"fr-FR\"},{\"@type\":\"Organization\",\"@id\":\"https:\\\/\\\/bico.ch\\\/fr\\\/#organization\",\"name\":\"BICO\",\"url\":\"https:\\\/\\\/bico.ch\\\/fr\\\/\",\"logo\":{\"@type\":\"ImageObject\",\"inLanguage\":\"fr-FR\",\"@id\":\"https:\\\/\\\/bico.ch\\\/fr\\\/#\\\/schema\\\/logo\\\/image\\\/\",\"url\":\"https:\\\/\\\/bico.ch\\\/wp-content\\\/uploads\\\/2022\\\/11\\\/BICO_Logo_Black-e1667997604131.png\",\"contentUrl\":\"https:\\\/\\\/bico.ch\\\/wp-content\\\/uploads\\\/2022\\\/11\\\/BICO_Logo_Black-e1667997604131.png\",\"width\":2481,\"height\":1754,\"caption\":\"BICO\"},\"image\":{\"@id\":\"https:\\\/\\\/bico.ch\\\/fr\\\/#\\\/schema\\\/logo\\\/image\\\/\"},\"sameAs\":[\"https:\\\/\\\/www.facebook.com\\\/bicoswitzerland\",\"https:\\\/\\\/www.instagram.com\\\/bicoswitzerland\\\/\",\"https:\\\/\\\/www.youtube.com\\\/channel\\\/UCnyVAqYqj5XdkWKWY5CFJ3A\",\"https:\\\/\\\/www.linkedin.com\\\/showcase\\\/bicoswitzerland\\\/\"]}]}<\/script>\n<!-- \/ Yoast SEO Premium plugin. -->","yoast_head_json":{"title":"5 crit\u00e8res de qualit\u00e9 essentiels pour bons matelas | BICO","description":"5 \u00e9l\u00e9ments essentiels pour fabriquer un bon matelas. Un reportage sur le matelas high-tech.","robots":{"index":"index","follow":"follow","max-snippet":"max-snippet:-1","max-image-preview":"max-image-preview:large","max-video-preview":"max-video-preview:-1"},"canonical":"https:\/\/bico.ch\/fr\/blog-du-sommeil\/criteres-qualite-essentiels-bons-matelas\/","og_locale":"fr_FR","og_type":"article","og_title":"Essentiels pour de bons matelas: les crit\u00e8res de qualit\u00e9 BICO | BICO","og_description":"Cinq \u00e9l\u00e9ments essentiels pour fabriquer un bon matelas. Un reportage sur le matelas high-tech.","og_url":"https:\/\/bico.ch\/fr\/blog-du-sommeil\/criteres-qualite-essentiels-bons-matelas\/","og_site_name":"BICO","article_publisher":"https:\/\/www.facebook.com\/bicoswitzerland","article_modified_time":"2025-11-28T10:49:31+00:00","og_image":[{"url":"https:\/\/bico.ch\/wp-content\/uploads\/2024\/04\/blog-beitrag-matratzenherstellung-bico-298x300.jpg","type":"","width":"","height":""}],"schema":{"@context":"https:\/\/schema.org","@graph":[{"@type":"WebPage","@id":"https:\/\/bico.ch\/fr\/blog-du-sommeil\/criteres-qualite-essentiels-bons-matelas\/","url":"https:\/\/bico.ch\/fr\/blog-du-sommeil\/criteres-qualite-essentiels-bons-matelas\/","name":"5 crit\u00e8res de qualit\u00e9 essentiels pour bons matelas | BICO","isPartOf":{"@id":"https:\/\/bico.ch\/fr\/#website"},"datePublished":"2024-04-23T14:40:45+00:00","dateModified":"2025-11-28T10:49:31+00:00","description":"5 \u00e9l\u00e9ments essentiels pour fabriquer un bon matelas. Un reportage sur le matelas high-tech.","breadcrumb":{"@id":"https:\/\/bico.ch\/fr\/blog-du-sommeil\/criteres-qualite-essentiels-bons-matelas\/#breadcrumb"},"inLanguage":"fr-FR","potentialAction":[{"@type":"ReadAction","target":["https:\/\/bico.ch\/fr\/blog-du-sommeil\/criteres-qualite-essentiels-bons-matelas\/"]}]},{"@type":"BreadcrumbList","@id":"https:\/\/bico.ch\/fr\/blog-du-sommeil\/criteres-qualite-essentiels-bons-matelas\/#breadcrumb","itemListElement":[{"@type":"ListItem","position":1,"name":"Startseite","item":"https:\/\/bico.ch\/fr\/"},{"@type":"ListItem","position":2,"name":"Cinq \u00e9l\u00e9ments essentiels pour fabriquer un bon matelas"}]},{"@type":"WebSite","@id":"https:\/\/bico.ch\/fr\/#website","url":"https:\/\/bico.ch\/fr\/","name":"BICO","description":"F\u00fcr \u00e4 t\u00fc\u00fcf\u00e4 gsund\u00e4 Schlaaf.\u00ae","publisher":{"@id":"https:\/\/bico.ch\/fr\/#organization"},"alternateName":"bico.ch","potentialAction":[{"@type":"SearchAction","target":{"@type":"EntryPoint","urlTemplate":"https:\/\/bico.ch\/fr\/?s={search_term_string}"},"query-input":{"@type":"PropertyValueSpecification","valueRequired":true,"valueName":"search_term_string"}}],"inLanguage":"fr-FR"},{"@type":"Organization","@id":"https:\/\/bico.ch\/fr\/#organization","name":"BICO","url":"https:\/\/bico.ch\/fr\/","logo":{"@type":"ImageObject","inLanguage":"fr-FR","@id":"https:\/\/bico.ch\/fr\/#\/schema\/logo\/image\/","url":"https:\/\/bico.ch\/wp-content\/uploads\/2022\/11\/BICO_Logo_Black-e1667997604131.png","contentUrl":"https:\/\/bico.ch\/wp-content\/uploads\/2022\/11\/BICO_Logo_Black-e1667997604131.png","width":2481,"height":1754,"caption":"BICO"},"image":{"@id":"https:\/\/bico.ch\/fr\/#\/schema\/logo\/image\/"},"sameAs":["https:\/\/www.facebook.com\/bicoswitzerland","https:\/\/www.instagram.com\/bicoswitzerland\/","https:\/\/www.youtube.com\/channel\/UCnyVAqYqj5XdkWKWY5CFJ3A","https:\/\/www.linkedin.com\/showcase\/bicoswitzerland\/"]}]}},"_links":{"self":[{"href":"https:\/\/bico.ch\/fr\/wp-json\/wp\/v2\/blog\/338725","targetHints":{"allow":["GET"]}}],"collection":[{"href":"https:\/\/bico.ch\/fr\/wp-json\/wp\/v2\/blog"}],"about":[{"href":"https:\/\/bico.ch\/fr\/wp-json\/wp\/v2\/types\/blog"}],"author":[{"embeddable":true,"href":"https:\/\/bico.ch\/fr\/wp-json\/wp\/v2\/users\/50"}],"replies":[{"embeddable":true,"href":"https:\/\/bico.ch\/fr\/wp-json\/wp\/v2\/comments?post=338725"}],"version-history":[{"count":2,"href":"https:\/\/bico.ch\/fr\/wp-json\/wp\/v2\/blog\/338725\/revisions"}],"predecessor-version":[{"id":756998,"href":"https:\/\/bico.ch\/fr\/wp-json\/wp\/v2\/blog\/338725\/revisions\/756998"}],"wp:attachment":[{"href":"https:\/\/bico.ch\/fr\/wp-json\/wp\/v2\/media?parent=338725"}],"wp:term":[{"taxonomy":"blog-taxonomies","embeddable":true,"href":"https:\/\/bico.ch\/fr\/wp-json\/wp\/v2\/blog-taxonomies?post=338725"}],"curies":[{"name":"wp","href":"https:\/\/api.w.org\/{rel}","templated":true}]}}